{"id":2631,"date":"2026-02-20T19:42:30","date_gmt":"2026-02-20T19:42:30","guid":{"rendered":"https:\/\/eskigazeteci.com\/?p=2631"},"modified":"2026-02-20T19:42:30","modified_gmt":"2026-02-20T19:42:30","slug":"bakan-isikhan-elazigda-depremzede-yildirim-ailesinin-iftar-sofrasina-konuk-oldu","status":"publish","type":"post","link":"https:\/\/eskigazeteci.com\/?p=2631","title":{"rendered":"Bakan I\u015f\u0131khan, Elaz\u0131\u011f&#8217;da depremzede Y\u0131ld\u0131r\u0131m ailesinin iftar sofras\u0131na konuk oldu"},"content":{"rendered":"<p>Bakan I\u015f\u0131khan kentteki temaslar\u0131 kapsam\u0131nda, 6 \u015eubat 2023&#x27;teki Kahramanmara\u015f merkezli depremlerde evleri a\u011f\u0131r g\u00f6ren ve kura sonucu Aksaray TOK\u0130 konutlar\u0131nda ev sahibi olan Seyran ve Murat Y\u0131ld\u0131r\u0131m \u00e7iftini ziyaret etti.<\/p>\n<p>Bakan I\u015f\u0131khan, yeni evlerinde ilk ramazan heyecan\u0131n\u0131 ya\u015fayan Y\u0131ld\u0131r\u0131m \u00e7ifti ve \u00e7ocuklar\u0131yla iftar yapt\u0131.<\/p>\n<p>Ak\u015fam ezan\u0131n okunmas\u0131yla oru\u00e7lar a\u00e7\u0131ld\u0131, dualar edildi.<\/p>\n<p>Y\u0131ld\u0131r\u0131m ailesi , devletin deste\u011fini her zaman yanlar\u0131nda hissettiklerini ifade etti.<\/p>\n<p>Bakan I\u015f\u0131khan&#x27;a ziyaretinde, Vali Numan Hatipo\u011flu, Belediye Ba\u015fkan\u0131 \u015eahin \u015eerifo\u011fullar\u0131 ve AK Parti \u0130l Ba\u015fkan\u0131 \u0130brahim Sencer Selmano\u011flu da e\u015flik etti.<\/p>\n<p>T\u00fcrkiye g\u00fcndeminden son dakika haberleri, bug\u00fcn ya\u015fanan en son geli\u015fmeler, siyaset g\u00fcndeminden g\u00fcncel haberler ve b\u00fct\u00fcn son dakika haberleri i\u00e7in H\u00fcrriyet&#x27;in internet haber sitesi hurriyet.com.tr; Hurriyet.com.tr haber i\u00e7erikleri kaynak g\u00f6sterilmeden al\u0131nt\u0131 yap\u0131lamaz, Kanuna ayk\u0131r\u0131 ve izinsiz olarak kopyalanamaz, ba\u015fka yerde yay\u0131nlanamaz.<\/p>\n","protected":false},"excerpt":{"rendered":"<p>\u00c7al\u0131\u015fma ve Sosyal G\u00fcvenlik Bakan\u0131 Vedat I\u015f\u0131khan, Elaz\u0131\u011f&#8217;da depremzede Y\u0131ld\u0131r\u0131m ailesinin iftar sofras\u0131na konuk oldu.<\/p>\n","protected":false},"author":2,"featured_media":2630,"comment_status":"open","ping_status":"open","sticky":false,"template":"","format":"standard","meta":{"footnotes":""},"categories":[8,6,5],"tags":[],"class_list":["post-2631","post","type-post","status-publish","format-standard","has-post-thumbnail","hentry","category-arsiv","category-gundem","category-son-dakika"],"_links":{"self":[{"href":"https:\/\/eskigazeteci.com\/index.php?rest_route=\/wp\/v2\/posts\/2631","targetHints":{"allow":["GET"]}}],"collection":[{"href":"https:\/\/eskigazeteci.com\/index.php?rest_route=\/wp\/v2\/posts"}],"about":[{"href":"https:\/\/eskigazeteci.com\/index.php?rest_route=\/wp\/v2\/types\/post"}],"author":[{"embeddable":true,"href":"https:\/\/eskigazeteci.com\/index.php?rest_route=\/wp\/v2\/users\/2"}],"replies":[{"embeddable":true,"href":"https:\/\/eskigazeteci.com\/index.php?rest_route=%2Fwp%2Fv2%2Fcomments&post=2631"}],"version-history":[{"count":0,"href":"https:\/\/eskigazeteci.com\/index.php?rest_route=\/wp\/v2\/posts\/2631\/revisions"}],"wp:featuredmedia":[{"embeddable":true,"href":"https:\/\/eskigazeteci.com\/index.php?rest_route=\/wp\/v2\/media\/2630"}],"wp:attachment":[{"href":"https:\/\/eskigazeteci.com\/index.php?rest_route=%2Fwp%2Fv2%2Fmedia&parent=2631"}],"wp:term":[{"taxonomy":"category","embeddable":true,"href":"https:\/\/eskigazeteci.com\/index.php?rest_route=%2Fwp%2Fv2%2Fcategories&post=2631"},{"taxonomy":"post_tag","embeddable":true,"href":"https:\/\/eskigazeteci.com\/index.php?rest_route=%2Fwp%2Fv2%2Ftags&post=2631"}],"curies":[{"name":"wp","href":"https:\/\/api.w.org\/{rel}","templated":true}]}}