{"id":2629,"date":"2026-02-20T19:40:58","date_gmt":"2026-02-20T19:40:58","guid":{"rendered":"https:\/\/eskigazeteci.com\/?p=2629"},"modified":"2026-02-20T19:40:58","modified_gmt":"2026-02-20T19:40:58","slug":"trump-yuzde-10luk-kuresel-tarife-uygulayacagini-duyurdu","status":"publish","type":"post","link":"https:\/\/eskigazeteci.com\/?p=2629","title":{"rendered":"Trump, y\u00fczde 10&#8217;luk k\u00fcresel tarife uygulayaca\u011f\u0131n\u0131 duyurdu"},"content":{"rendered":"<p>Trump, ABD Y\u00fcksek Mahkemesinin tarife karar\u0131na ili\u015fkin Beyaz Saray&#x27;da bas\u0131n toplant\u0131s\u0131 d\u00fczenledi.<\/p>\n<p>Y\u00fcksek Mahkemenin tarifelerle ilgili karar\u0131n\u0131n &quot;son derece hayal k\u0131r\u0131kl\u0131\u011f\u0131&quot; yaratt\u0131\u011f\u0131n\u0131 belirten Trump, mahkemenin baz\u0131 \u00fcyelerinden utan\u00e7 duydu\u011funu s\u00f6yledi.<\/p>\n<p>Trump, &quot;Y\u0131llard\u0131r bizi soyan yabanc\u0131 \u00fclkeler \u00e7ok mutlu, sokaklarda dans ediyorlar. Ama uzun s\u00fcre dans edemeyeceklerinden emin olabilirsiniz.&quot; dedi.<\/p>\n<p>Tarifelerle ilgili davan\u0131n kendisi i\u00e7in \u00f6nemli oldu\u011funu vurgulayan Trump, &quot;\u0130yi haber \u015fu ki bu korkun\u00e7 kararda t\u00fcm mahkeme taraf\u0131ndan kabul edilen ve Kongre taraf\u0131ndan da tan\u0131nan, ABD Ba\u015fkan\u0131 olarak benim kullanabilece\u011fim Uluslararas\u0131 Acil Ekonomik G\u00fc\u00e7ler Yasas\u0131 (IEEPA) tarifelerinden bile daha g\u00fc\u00e7l\u00fc y\u00f6ntemler, uygulamalar, kanunlar ve yetkiler var.&quot; diye konu\u015ftu.<\/p>\n<p>Trump, &quot;Bug\u00fcn, halihaz\u0131rda uygulad\u0131\u011f\u0131m\u0131z tarifelere ek olarak 122. B\u00f6l\u00fcm uyar\u0131nca y\u00fczde 10&#x27;luk k\u00fcresel bir tarife uygulamaya y\u00f6nelik bir karar imzalayaca\u011f\u0131m. Ayr\u0131ca \u00fclkemizi di\u011fer \u00fclkelerin ve \u015firketlerin haks\u0131z ticaret uygulamalar\u0131ndan korumak i\u00e7in 301. B\u00f6l\u00fcm ve di\u011fer maddeler kapsam\u0131nda \u00e7e\u015fitli soru\u015fturmalar ba\u015flataca\u011f\u0131z.&quot; ifadesini kulland\u0131.<\/p>\n<p>ABD Y\u00fcksek Mahkemesi, Ba\u015fkan Donald Trump taraf\u0131ndan y\u00fcr\u00fcrl\u00fc\u011fe konulan&#8230;<\/p>\n","protected":false},"excerpt":{"rendered":"<p>ABD Ba\u015fkan\u0131 Donald Trump, Y\u00fcksek Mahkemenin tarifelerle ilgili karar\u0131 sonras\u0131 halihaz\u0131rda uygulanan tarifelere ek olarak y\u00fczde 10 oran\u0131nda k\u00fcresel bir tarife&#8230;<\/p>\n","protected":false},"author":2,"featured_media":2628,"comment_status":"open","ping_status":"open","sticky":false,"template":"","format":"standard","meta":{"footnotes":""},"categories":[8,6,5],"tags":[],"class_list":["post-2629","post","type-post","status-publish","format-standard","has-post-thumbnail","hentry","category-arsiv","category-gundem","category-son-dakika"],"_links":{"self":[{"href":"https:\/\/eskigazeteci.com\/index.php?rest_route=\/wp\/v2\/posts\/2629","targetHints":{"allow":["GET"]}}],"collection":[{"href":"https:\/\/eskigazeteci.com\/index.php?rest_route=\/wp\/v2\/posts"}],"about":[{"href":"https:\/\/eskigazeteci.com\/index.php?rest_route=\/wp\/v2\/types\/post"}],"author":[{"embeddable":true,"href":"https:\/\/eskigazeteci.com\/index.php?rest_route=\/wp\/v2\/users\/2"}],"replies":[{"embeddable":true,"href":"https:\/\/eskigazeteci.com\/index.php?rest_route=%2Fwp%2Fv2%2Fcomments&post=2629"}],"version-history":[{"count":0,"href":"https:\/\/eskigazeteci.com\/index.php?rest_route=\/wp\/v2\/posts\/2629\/revisions"}],"wp:featuredmedia":[{"embeddable":true,"href":"https:\/\/eskigazeteci.com\/index.php?rest_route=\/wp\/v2\/media\/2628"}],"wp:attachment":[{"href":"https:\/\/eskigazeteci.com\/index.php?rest_route=%2Fwp%2Fv2%2Fmedia&parent=2629"}],"wp:term":[{"taxonomy":"category","embeddable":true,"href":"https:\/\/eskigazeteci.com\/index.php?rest_route=%2Fwp%2Fv2%2Fcategories&post=2629"},{"taxonomy":"post_tag","embeddable":true,"href":"https:\/\/eskigazeteci.com\/index.php?rest_route=%2Fwp%2Fv2%2Ftags&post=2629"}],"curies":[{"name":"wp","href":"https:\/\/api.w.org\/{rel}","templated":true}]}}