{"id":2625,"date":"2026-02-20T19:31:00","date_gmt":"2026-02-20T19:31:00","guid":{"rendered":"https:\/\/eskigazeteci.com\/?p=2625"},"modified":"2026-02-20T19:31:00","modified_gmt":"2026-02-20T19:31:00","slug":"restorana-duzenlenen-silahli-saldirinin-goruntuleri-ortaya-cikti","status":"publish","type":"post","link":"https:\/\/eskigazeteci.com\/?p=2625","title":{"rendered":"Restorana d\u00fczenlenen silahl\u0131 sald\u0131r\u0131n\u0131n g\u00f6r\u00fcnt\u00fcleri ortaya \u00e7\u0131kt\u0131"},"content":{"rendered":"<p>Olay, 15 Ocak\u2019ta saat 21.00 s\u0131ralar\u0131nda Beylikba\u011f\u0131 Mahallesi Ankara Caddesi\u2019ndeki bir restoranda meydana geldi. Cadde \u00fczerinde seyir halindeki bir ara\u00e7tan restorana tabancayla ate\u015f a\u00e7\u0131ld\u0131. Sald\u0131r\u0131 sonucu restorandaki M.C.P. ile M.C.A., v\u00fccutlar\u0131na isabet eden kur\u015funlarla yaraland\u0131. Sald\u0131rganlar olay yerinden ka\u00e7arken, ihbar \u00fczerine b\u00f6lgeye polis ve sa\u011fl\u0131k ekipleri sevk edildi. Yaral\u0131lar, sa\u011fl\u0131k personelinin ilk m\u00fcdahalesinin ard\u0131ndan Gebze Fatih Devlet Hastanesi\u2019ne kald\u0131r\u0131ld\u0131. Olay yeri inceleme ekibinin yapt\u0131\u011f\u0131 \u00e7al\u0131\u015fmada yakla\u015f\u0131k 20 bo\u015f kovan bulundu. Sald\u0131r\u0131yla ilgili soru\u015fturma ba\u015flatan Asayi\u015f \u015eube M\u00fcd\u00fcrl\u00fc\u011f\u00fc Cinayet B\u00fcro Amirli\u011fi ekipleri, S.B. ve T.Y.\u2019yi olay\u0131n\u0131n \u015f\u00fcphelileri olarak g\u00f6zalt\u0131na ald\u0131. Emniyette i\u015flemlerinin ard\u0131ndan adliyeye sevk edilen iki \u015f\u00fcpheli 19 Ocak&#x27;ta tutukland\u0131.<\/p>\n<p>OLAY ANI KAMERADA<\/p>\n<p>Silahl\u0131 sald\u0131r\u0131 an\u0131na ili\u015fkin restoran\u0131n g\u00fcvenlik kameras\u0131 g\u00f6r\u00fcnt\u00fcleri ortaya \u00e7\u0131kt\u0131. G\u00fcvenlik kameras\u0131 kayd\u0131nda; seyir halindeki arac\u0131n cam\u0131ndan ate\u015f a\u00e7\u0131ld\u0131\u011f\u0131, kur\u015funlar\u0131n isabet etti\u011fi M.C.P. ile M.C.A.\u2019n\u0131n yere y\u0131\u011f\u0131ld\u0131\u011f\u0131, restoran \u00e7al\u0131\u015fanlar\u0131n\u0131n yaral\u0131lar\u0131n yan\u0131na geldi\u011fi bu s\u0131rada bir restoran \u00e7al\u0131\u015fan\u0131n da elinde tabanca oldu\u011fu anlar yer ald\u0131.<\/p>\n<p>T\u00fcrkiye g\u00fcndeminden son dakika&#8230;<\/p>\n","protected":false},"excerpt":{"rendered":"<p>Kocaeli\u2019nin Gebze il\u00e7esinde bir restoranda d\u00fczenlenen ve 2 ki\u015finin yaraland\u0131\u011f\u0131 silahl\u0131 sald\u0131r\u0131n\u0131n g\u00fcvenlik kamera g\u00f6r\u00fcnt\u00fcs\u00fc ortaya \u00e7\u0131kt\u0131.<\/p>\n","protected":false},"author":2,"featured_media":2624,"comment_status":"open","ping_status":"open","sticky":false,"template":"","format":"standard","meta":{"footnotes":""},"categories":[8,6,5],"tags":[],"class_list":["post-2625","post","type-post","status-publish","format-standard","has-post-thumbnail","hentry","category-arsiv","category-gundem","category-son-dakika"],"_links":{"self":[{"href":"https:\/\/eskigazeteci.com\/index.php?rest_route=\/wp\/v2\/posts\/2625","targetHints":{"allow":["GET"]}}],"collection":[{"href":"https:\/\/eskigazeteci.com\/index.php?rest_route=\/wp\/v2\/posts"}],"about":[{"href":"https:\/\/eskigazeteci.com\/index.php?rest_route=\/wp\/v2\/types\/post"}],"author":[{"embeddable":true,"href":"https:\/\/eskigazeteci.com\/index.php?rest_route=\/wp\/v2\/users\/2"}],"replies":[{"embeddable":true,"href":"https:\/\/eskigazeteci.com\/index.php?rest_route=%2Fwp%2Fv2%2Fcomments&post=2625"}],"version-history":[{"count":0,"href":"https:\/\/eskigazeteci.com\/index.php?rest_route=\/wp\/v2\/posts\/2625\/revisions"}],"wp:featuredmedia":[{"embeddable":true,"href":"https:\/\/eskigazeteci.com\/index.php?rest_route=\/wp\/v2\/media\/2624"}],"wp:attachment":[{"href":"https:\/\/eskigazeteci.com\/index.php?rest_route=%2Fwp%2Fv2%2Fmedia&parent=2625"}],"wp:term":[{"taxonomy":"category","embeddable":true,"href":"https:\/\/eskigazeteci.com\/index.php?rest_route=%2Fwp%2Fv2%2Fcategories&post=2625"},{"taxonomy":"post_tag","embeddable":true,"href":"https:\/\/eskigazeteci.com\/index.php?rest_route=%2Fwp%2Fv2%2Ftags&post=2625"}],"curies":[{"name":"wp","href":"https:\/\/api.w.org\/{rel}","templated":true}]}}