{"id":2623,"date":"2026-02-20T19:20:56","date_gmt":"2026-02-20T19:20:56","guid":{"rendered":"https:\/\/eskigazeteci.com\/?p=2623"},"modified":"2026-02-20T19:20:56","modified_gmt":"2026-02-20T19:20:56","slug":"emekli-bayram-ikramiyesi-zammi-2026-hesaplama-tablosu-olasi-3-senaryo","status":"publish","type":"post","link":"https:\/\/eskigazeteci.com\/?p=2623","title":{"rendered":"EMEKL\u0130 BAYRAM \u0130KRAM\u0130YES\u0130 ZAMMI 2026 HESAPLAMA TABLOSU (OLASI 3 SENARYO)"},"content":{"rendered":"<p>Emekli bayram ikramiyesi ne kadar olacak 2026? sorusu yakla\u015fan Ramazan Bayram\u0131 ile g\u00fcndeme geldi. Yakla\u015f\u0131k 16.5 milyon emekli ve hak sahibini ilgilendiren bayram ikramiyelerine yap\u0131lacak zam oran\u0131 i\u00e7in 3 senaryo \u00f6ne \u00e7\u0131k\u0131yor. E\u011fer 6 bin TL\u2019lik form\u00fcl kabul edilirse, bir emekli Ramazan ve Kurban bayramlar\u0131nda toplam 12 bin TL \u00f6deme alm\u0131\u015f olacak. En d\u00fc\u015f\u00fck senaryoda dahi y\u0131ll\u0131k toplam \u00f6demenin 10 bin TL\u2019nin alt\u0131na d\u00fc\u015fmeyece\u011fi \u00f6ng\u00f6r\u00fcl\u00fcyor. Yeni emekli bayram ikramiyesi zamm\u0131n\u0131n Ramazan Bayram\u0131 \u00f6ncesi belirlenmesi bekleniyor. T\u00fcm dikkatler zam a\u00e7\u0131klamalar\u0131na \u00e7evrilirken, olas\u0131 rakamlarla emekli Ramazan Bayram\u0131 ikramiyesi zamm\u0131 2026 hesaplama tablosunu derledik. Peki, SSK, Ba\u011fkur, Emekli Sand\u0131\u011f\u0131 emekli bayram ikramiyesi ne kadar olacak 2026? Emekli bayram ikramiyesi ne zaman a\u00e7\u0131klanacak, belli oldu mu? \u0130\u015fte, Ramazan Bayram\u0131 emekli ikramiye zamm\u0131 hesaplamas\u0131 ve \u00f6deme tarihi hakk\u0131nda bilgiler.<\/p>\n<p>Yeni y\u0131l\u0131n ilk verileriyle birlikte milyonlarca emeklinin gelir tablosu netle\u015fti. Yap\u0131lan d\u00fczenlemeler \u00e7er\u00e7evesinde SSK ve Ba\u011f-Kur emeklilerinin ayl\u0131klar\u0131 y\u00fczde 12,19 oran\u0131nda art\u0131r\u0131l\u0131rken, memur emeklileri i\u00e7in bu oran y\u00fczde 18,60 olarak kay\u0131tlara ge\u00e7ti. K\u00f6k ayl\u0131\u011f\u0131 d\u00fc\u015f\u00fck olan yakla\u015f\u0131k 5 milyon&#8230;<\/p>\n","protected":false},"excerpt":{"rendered":"<p>Ramazan Bayram\u0131 emekli ikramiyesi hesaplama 2026 tablosu, SSK, Ba\u011fkur ve Emekli Sand\u0131\u011f\u0131 emeklileri taraf\u0131ndan takip ediliyor. Milyonlar\u0131n merakla bekledi\u011fi&#8230;<\/p>\n","protected":false},"author":2,"featured_media":2622,"comment_status":"open","ping_status":"open","sticky":false,"template":"","format":"standard","meta":{"footnotes":""},"categories":[8,6,5],"tags":[],"class_list":["post-2623","post","type-post","status-publish","format-standard","has-post-thumbnail","hentry","category-arsiv","category-gundem","category-son-dakika"],"_links":{"self":[{"href":"https:\/\/eskigazeteci.com\/index.php?rest_route=\/wp\/v2\/posts\/2623","targetHints":{"allow":["GET"]}}],"collection":[{"href":"https:\/\/eskigazeteci.com\/index.php?rest_route=\/wp\/v2\/posts"}],"about":[{"href":"https:\/\/eskigazeteci.com\/index.php?rest_route=\/wp\/v2\/types\/post"}],"author":[{"embeddable":true,"href":"https:\/\/eskigazeteci.com\/index.php?rest_route=\/wp\/v2\/users\/2"}],"replies":[{"embeddable":true,"href":"https:\/\/eskigazeteci.com\/index.php?rest_route=%2Fwp%2Fv2%2Fcomments&post=2623"}],"version-history":[{"count":0,"href":"https:\/\/eskigazeteci.com\/index.php?rest_route=\/wp\/v2\/posts\/2623\/revisions"}],"wp:featuredmedia":[{"embeddable":true,"href":"https:\/\/eskigazeteci.com\/index.php?rest_route=\/wp\/v2\/media\/2622"}],"wp:attachment":[{"href":"https:\/\/eskigazeteci.com\/index.php?rest_route=%2Fwp%2Fv2%2Fmedia&parent=2623"}],"wp:term":[{"taxonomy":"category","embeddable":true,"href":"https:\/\/eskigazeteci.com\/index.php?rest_route=%2Fwp%2Fv2%2Fcategories&post=2623"},{"taxonomy":"post_tag","embeddable":true,"href":"https:\/\/eskigazeteci.com\/index.php?rest_route=%2Fwp%2Fv2%2Ftags&post=2623"}],"curies":[{"name":"wp","href":"https:\/\/api.w.org\/{rel}","templated":true}]}}