{"id":2621,"date":"2026-02-20T19:00:54","date_gmt":"2026-02-20T19:00:54","guid":{"rendered":"https:\/\/eskigazeteci.com\/?p=2621"},"modified":"2026-02-20T19:00:54","modified_gmt":"2026-02-20T19:00:54","slug":"caykur-rizespor-2","status":"publish","type":"post","link":"https:\/\/eskigazeteci.com\/?p=2621","title":{"rendered":"\u00c7aykur Rizespor 2"},"content":{"rendered":"<p>S\u00fcper Lig &#x27;in 23. haftas\u0131nda \u00c7aykur Rizespor ile Kocaelispor kozlar\u0131n\u0131 payla\u015ft\u0131.<\/p>\n<p>M\u00fccadeleyi \u00c7aykur Rizespor 2-0&#x27;l\u0131k skorla kazand\u0131 ve sahadan 3 puanla ayr\u0131ld\u0131.<\/p>\n<p>Ev sahibi tak\u0131m, 13. dakikada Mihaila ile \u00f6ne ge\u00e7ti. \u0130lk devrede ba\u015fka gol olmad\u0131.<\/p>\n<p>Dakikalar 57&#x27;yi g\u00f6sterdi\u011finde sahneye Samet Akaydin \u00e7\u0131kt\u0131 ve skoru belirledi. Asisti ise La\u00e7i yapt\u0131.<\/p>\n<p>Bu sonu\u00e7la birlikte 6 ma\u00e7 sonra kazanan Karadeniz ekibinin puan\u0131 24 oldu. Kocaelispor ise 30 puanda kald\u0131.<\/p>\n<p>\u00c7aykur Rizespor, ligde gelecek hafta Kas\u0131mpa\u015fa deplasman\u0131na gidecek. Kocaelispor, Be\u015fikta\u015f &#x27;\u0131 konuk edecek.<\/p>\n<p>MA\u00c7TAN DAK\u0130KALAR<\/p>\n<p>8. dakikada Olawoyin\u2019in sa\u011f kanattan g\u00f6nderdi\u011fi pasta ceza sahas\u0131n\u0131n d\u0131\u015f\u0131nda topla bulu\u015fan Mihaila\u2019n\u0131n \u015futunda top kaleci G\u00f6khan\u2019da kald\u0131.<\/p>\n<p>13. dakikada Mebude\u2019nin sa\u011f kanattan ceza sahas\u0131na ortas\u0131nda Mihaila\u2019n\u0131n geli\u015fine vuru\u015funda top a\u011flarla bulu\u015ftu. 1-0<\/p>\n<p>36. dakikada Petkovic&#x27;in pas\u0131nda Churlinov&#x27;un ceza sahas\u0131 sol \u00e7aprazdan \u015futunda savunmadan seken top kornere gitti.<\/p>\n<p>\u0130kinci yar\u0131 birazdan&#8230;<\/p>\n<p>\u0130LK 11&#x27;LER<\/p>\n<p>\u00c7aykur Rizespor : Fofana, Mithat, Samet, Sagnan, Hojer, Taylan, La\u00e7i, Olawoyin, Mihaila, Mebude, Halil.<\/p>\n<p>Kocaelispor : G\u00f6khan, Haidara, Smolcic, Balogh, Ahmet, Show, Linetty, Churlinov, Rivas, Agyei,&#8230;<\/p>\n","protected":false},"excerpt":{"rendered":"<p>\u00c7aykur Rizespor, S\u00fcper Lig&#8217;in 23. haftas\u0131nda Kocaelispor&#8217;u 2-0 ma\u011flup etti.<\/p>\n","protected":false},"author":2,"featured_media":2620,"comment_status":"open","ping_status":"open","sticky":false,"template":"","format":"standard","meta":{"footnotes":""},"categories":[8,5,7],"tags":[],"class_list":["post-2621","post","type-post","status-publish","format-standard","has-post-thumbnail","hentry","category-arsiv","category-son-dakika","category-spor"],"_links":{"self":[{"href":"https:\/\/eskigazeteci.com\/index.php?rest_route=\/wp\/v2\/posts\/2621","targetHints":{"allow":["GET"]}}],"collection":[{"href":"https:\/\/eskigazeteci.com\/index.php?rest_route=\/wp\/v2\/posts"}],"about":[{"href":"https:\/\/eskigazeteci.com\/index.php?rest_route=\/wp\/v2\/types\/post"}],"author":[{"embeddable":true,"href":"https:\/\/eskigazeteci.com\/index.php?rest_route=\/wp\/v2\/users\/2"}],"replies":[{"embeddable":true,"href":"https:\/\/eskigazeteci.com\/index.php?rest_route=%2Fwp%2Fv2%2Fcomments&post=2621"}],"version-history":[{"count":0,"href":"https:\/\/eskigazeteci.com\/index.php?rest_route=\/wp\/v2\/posts\/2621\/revisions"}],"wp:featuredmedia":[{"embeddable":true,"href":"https:\/\/eskigazeteci.com\/index.php?rest_route=\/wp\/v2\/media\/2620"}],"wp:attachment":[{"href":"https:\/\/eskigazeteci.com\/index.php?rest_route=%2Fwp%2Fv2%2Fmedia&parent=2621"}],"wp:term":[{"taxonomy":"category","embeddable":true,"href":"https:\/\/eskigazeteci.com\/index.php?rest_route=%2Fwp%2Fv2%2Fcategories&post=2621"},{"taxonomy":"post_tag","embeddable":true,"href":"https:\/\/eskigazeteci.com\/index.php?rest_route=%2Fwp%2Fv2%2Ftags&post=2621"}],"curies":[{"name":"wp","href":"https:\/\/api.w.org\/{rel}","templated":true}]}}