{"id":262,"date":"2026-02-09T10:03:35","date_gmt":"2026-02-09T10:03:35","guid":{"rendered":"https:\/\/eskigazeteci.com\/?p=262"},"modified":"2026-02-09T10:03:35","modified_gmt":"2026-02-09T10:03:35","slug":"haber-106","status":"publish","type":"post","link":"https:\/\/eskigazeteci.com\/?p=262","title":{"rendered":"Haber"},"content":{"rendered":"<p>Ayd\u0131n&#x27;\u0131n Efeler il\u00e7esi \u00c7e\u015ftepe Mahallesi&#x27;nde ya\u015fayan Bahar Ta\u015f, arkada\u015flar\u0131yla birlikte \u00f6nceki g\u00fcn gezmek i\u00e7in Mu\u011fla&#x27;n\u0131n Milas il\u00e7esine gitti. \u0130ddiaya g\u00f6re; arkada\u015f grubu, geceyi burada kiralad\u0131klar\u0131 &#x27;Adas&#x27; isimli teknede ge\u00e7irdi.<\/p>\n<p>CENAZES\u0130 ADL\u0130 TIP MORGUNA KALDIRILDI<\/p>\n<p>D\u00fcn saat 14.30 s\u0131ralar\u0131nda Ta\u015f&#x27;\u0131n kamarada hareketsiz \u015fekilde durdu\u011funu fark eden arkada\u015flar\u0131, durumu 112 Acil \u00c7a\u011fr\u0131 Merkezi&#x27;ne bildirdi. \u0130hbarla b\u00f6lgeye jandarma ve Sahil G\u00fcvenlik ekipleri sevk edildi. Ekiplerin kontrol\u00fcnde, Bahar Ta\u015f&#x27;\u0131n hayat\u0131n\u0131 kaybetti\u011fi belirlendi. Ta\u015f&#x27;\u0131n cans\u0131z bedeni, \u00f6l\u00fcm nedeninin belirlenmesi i\u00e7in Mu\u011fla Adli T\u0131p Kurumu morguna g\u00f6t\u00fcr\u00fcld\u00fc.<\/p>\n<p>KALP KR\u0130Z\u0130NDEN \u00d6LD\u00dc\u011e\u00dc D\u00dc\u015e\u00dcN\u00dcL\u00dcYOR<\/p>\n<p>Bahar Ta\u015f&#x27;\u0131n yan\u0131ndaki arkada\u015flar\u0131 T.Y., ile S.E., ifadeleri al\u0131nmak \u00fczere Milas \u0130l\u00e7e Jandarma Komutanl\u0131\u011f\u0131&#x27;na g\u00f6t\u00fcr\u00fcld\u00fc. Mu\u011fla Adli T\u0131p Kurumu &#x27;nda yap\u0131lan \u00f6n otopside; Ta\u015f&#x27;\u0131n \u00f6l\u00fcm\u00fcnde \u015f\u00fcpheli bir duruma rastlan\u0131lmad\u0131\u011f\u0131 belirtildi. Ta\u015f&#x27;\u0131n kalp krizinden \u00f6ld\u00fc\u011f\u00fc \u00fczerinde durulurken, i\u00e7 organlar\u0131 incelenmek \u00fczere \u0130stanbul Adli T\u0131p Kurumu&#x27;na g\u00f6nderildi\u011fi \u00f6\u011frenildi.<\/p>\n<p>T\u00fcrkiye g\u00fcndeminden son dakika haberleri, bug\u00fcn ya\u015fanan en son geli\u015fmeler, siyaset g\u00fcndeminden g\u00fcncel haberler ve b\u00fct\u00fcn son dakika haberleri i\u00e7in H\u00fcrriyet&#x27;in internet haber sitesi hurriyet.com.tr; Hurriyet.com.tr haber i\u00e7erikleri kaynak g\u00f6sterilmeden al\u0131nt\u0131 yap\u0131lamaz, Kanuna ayk\u0131r\u0131 ve izinsiz olarak kopyalanamaz, ba\u015fka yerde yay\u0131nlanamaz.<\/p>\n","protected":false},"excerpt":{"rendered":"<p>Mu\u011fla&#8217;n\u0131n Milas il\u00e7esine arkada\u015flar\u0131 ile gezmeye gelen ve kiralad\u0131klar\u0131 teknede ya\u015fam\u0131n\u0131 yitiren Bahar Ta\u015f&#8217;\u0131n (35), yap\u0131lan \u00f6n otopsisinde; \u015f\u00fcpheli bir&#8230;<\/p>\n","protected":false},"author":2,"featured_media":261,"comment_status":"open","ping_status":"open","sticky":false,"template":"","format":"standard","meta":{"footnotes":""},"categories":[8,4],"tags":[],"class_list":["post-262","post","type-post","status-publish","format-standard","has-post-thumbnail","hentry","category-arsiv","category-ege"],"_links":{"self":[{"href":"https:\/\/eskigazeteci.com\/index.php?rest_route=\/wp\/v2\/posts\/262","targetHints":{"allow":["GET"]}}],"collection":[{"href":"https:\/\/eskigazeteci.com\/index.php?rest_route=\/wp\/v2\/posts"}],"about":[{"href":"https:\/\/eskigazeteci.com\/index.php?rest_route=\/wp\/v2\/types\/post"}],"author":[{"embeddable":true,"href":"https:\/\/eskigazeteci.com\/index.php?rest_route=\/wp\/v2\/users\/2"}],"replies":[{"embeddable":true,"href":"https:\/\/eskigazeteci.com\/index.php?rest_route=%2Fwp%2Fv2%2Fcomments&post=262"}],"version-history":[{"count":0,"href":"https:\/\/eskigazeteci.com\/index.php?rest_route=\/wp\/v2\/posts\/262\/revisions"}],"wp:featuredmedia":[{"embeddable":true,"href":"https:\/\/eskigazeteci.com\/index.php?rest_route=\/wp\/v2\/media\/261"}],"wp:attachment":[{"href":"https:\/\/eskigazeteci.com\/index.php?rest_route=%2Fwp%2Fv2%2Fmedia&parent=262"}],"wp:term":[{"taxonomy":"category","embeddable":true,"href":"https:\/\/eskigazeteci.com\/index.php?rest_route=%2Fwp%2Fv2%2Fcategories&post=262"},{"taxonomy":"post_tag","embeddable":true,"href":"https:\/\/eskigazeteci.com\/index.php?rest_route=%2Fwp%2Fv2%2Ftags&post=262"}],"curies":[{"name":"wp","href":"https:\/\/api.w.org\/{rel}","templated":true}]}}