{"id":2619,"date":"2026-02-20T18:50:56","date_gmt":"2026-02-20T18:50:56","guid":{"rendered":"https:\/\/eskigazeteci.com\/?p=2619"},"modified":"2026-02-20T18:50:56","modified_gmt":"2026-02-20T18:50:56","slug":"cumhurbaskani-erdogan-istanbulda-kayacik-ailesinin-iftar-sofrasina-konuk-oldu","status":"publish","type":"post","link":"https:\/\/eskigazeteci.com\/?p=2619","title":{"rendered":"Cumhurba\u015fkan\u0131 Erdo\u011fan, \u0130stanbul&#8217;da Kayac\u0131k ailesinin iftar sofras\u0131na konuk oldu"},"content":{"rendered":"<p>Cumhurba\u015fkan\u0131 Erdo\u011fan, e\u015fi Emine Erdo\u011fan ile birlikte Beyo\u011flu&#x27;nda ikamet eden Ali ve Miyase Kayac\u0131k \u00e7iftini evinde ziyaret etti.<\/p>\n<p>Erdo\u011fan, evin \u00e7evresinde kendisine sevgi g\u00f6sterisinde bulunan vatanda\u015flar\u0131 selamlad\u0131.<\/p>\n<p>Kendisini kap\u0131da kar\u015f\u0131layan aile fertleriyle sohbet eden Erdo\u011fan, \u00e7iftin b\u00fcy\u00fck o\u011flu Mustafa&#x27;n\u0131n hastal\u0131\u011f\u0131n\u0131 \u00f6\u011frenmesi \u00fczerine Allah&#x27;tan \u015fifa diledi, tedavisinin yak\u0131ndan takip edilmesi talimat\u0131n\u0131 verdi.<\/p>\n<p>Sofra duas\u0131 eden Cumhurba\u015fkan\u0131 Erdo\u011fan&#x27;a, ailenin k\u00fc\u00e7\u00fck o\u011flu Bilal, &quot;Rabb&#x27;im kabul eyle, amin.&quot; diyerek kar\u015f\u0131l\u0131k verdi.<\/p>\n<p>Aileyle orucunu a\u00e7an Erdo\u011fan, ba\u015f\u0131 rahmet, ortas\u0131 ma\u011ffiret, sonu cehennem azab\u0131ndan kurtulu\u015f olan m\u00fcbarek Ramazan-\u0131 \u015eerif&#x27;in hay\u0131rlara vesile olmas\u0131n\u0131 temenni etti.<\/p>\n<p>Cumhurba\u015fkan\u0131 Erdo\u011fan, evden ayr\u0131l\u0131rken kendisini kap\u0131n\u0131n \u00f6n\u00fcnde bekleyen ve slogan atarak sevgi g\u00f6sterisinde bulunan vatanda\u015flarla da sohbet etti, foto\u011fraf \u00e7ektirdi. Erdo\u011fan, burada anne ve babalar\u0131n\u0131n kuca\u011f\u0131nda bulunan iki bebe\u011fi sevdi.<\/p>\n<p>Cumhurba\u015fkan\u0131 Erdo\u011fan &#x27;a, AK Parti \u0130stanbul \u0130l Ba\u015fkan\u0131 Abdullah \u00d6zdemir ve e\u015fi Nihal \u00d6zdemir de e\u015flik etti.<\/p>\n<p>T\u00fcrkiye g\u00fcndeminden son dakika haberleri, bug\u00fcn ya\u015fanan en son geli\u015fmeler, siyaset g\u00fcndeminden g\u00fcncel haberler ve b\u00fct\u00fcn son dakika haberleri&#8230;<\/p>\n","protected":false},"excerpt":{"rendered":"<p>Cumhurba\u015fkan\u0131 Recep Tayyip Erdo\u011fan ve e\u015fi Emine Erdo\u011fan, Kayac\u0131k ailesinin iftar sofras\u0131na konuk oldu.<\/p>\n","protected":false},"author":2,"featured_media":2618,"comment_status":"open","ping_status":"open","sticky":false,"template":"","format":"standard","meta":{"footnotes":""},"categories":[8,6,5],"tags":[],"class_list":["post-2619","post","type-post","status-publish","format-standard","has-post-thumbnail","hentry","category-arsiv","category-gundem","category-son-dakika"],"_links":{"self":[{"href":"https:\/\/eskigazeteci.com\/index.php?rest_route=\/wp\/v2\/posts\/2619","targetHints":{"allow":["GET"]}}],"collection":[{"href":"https:\/\/eskigazeteci.com\/index.php?rest_route=\/wp\/v2\/posts"}],"about":[{"href":"https:\/\/eskigazeteci.com\/index.php?rest_route=\/wp\/v2\/types\/post"}],"author":[{"embeddable":true,"href":"https:\/\/eskigazeteci.com\/index.php?rest_route=\/wp\/v2\/users\/2"}],"replies":[{"embeddable":true,"href":"https:\/\/eskigazeteci.com\/index.php?rest_route=%2Fwp%2Fv2%2Fcomments&post=2619"}],"version-history":[{"count":0,"href":"https:\/\/eskigazeteci.com\/index.php?rest_route=\/wp\/v2\/posts\/2619\/revisions"}],"wp:featuredmedia":[{"embeddable":true,"href":"https:\/\/eskigazeteci.com\/index.php?rest_route=\/wp\/v2\/media\/2618"}],"wp:attachment":[{"href":"https:\/\/eskigazeteci.com\/index.php?rest_route=%2Fwp%2Fv2%2Fmedia&parent=2619"}],"wp:term":[{"taxonomy":"category","embeddable":true,"href":"https:\/\/eskigazeteci.com\/index.php?rest_route=%2Fwp%2Fv2%2Fcategories&post=2619"},{"taxonomy":"post_tag","embeddable":true,"href":"https:\/\/eskigazeteci.com\/index.php?rest_route=%2Fwp%2Fv2%2Ftags&post=2619"}],"curies":[{"name":"wp","href":"https:\/\/api.w.org\/{rel}","templated":true}]}}