{"id":2617,"date":"2026-02-20T18:42:28","date_gmt":"2026-02-20T18:42:28","guid":{"rendered":"https:\/\/eskigazeteci.com\/?p=2617"},"modified":"2026-02-20T18:42:28","modified_gmt":"2026-02-20T18:42:28","slug":"bakan-fidan-kambocya-basbakani-hun-manet-ile-bir-araya-geldi","status":"publish","type":"post","link":"https:\/\/eskigazeteci.com\/?p=2617","title":{"rendered":"Bakan Fidan, Kambo\u00e7ya Ba\u015fbakan\u0131 Hun Manet ile bir araya geldi"},"content":{"rendered":"<p>D\u0131\u015fi\u015fleri Bakan\u0131 Hakan Fidan , Bar\u0131\u015f Kurulu\u2019nun ger\u00e7ekle\u015ftirilen ilk toplant\u0131s\u0131na kat\u0131lmak \u00fczere bulundu\u011fu ABD\u2019nin ba\u015fkenti Washington\u2019daki temaslar\u0131n\u0131 s\u00fcrd\u00fcr\u00fcyor. Bakan Fidan, temaslar\u0131 kapsam\u0131nda Kambo\u00e7ya Ba\u015fbakan\u0131 Hun Manet ile bir araya geldi. G\u00f6r\u00fc\u015fmede T\u00fcrkiye-Kambo\u00e7ya aras\u0131ndaki ili\u015fkiler, k\u00fcresel ve b\u00f6lgesel geli\u015fmeler ve Kambo\u00e7ya\u2019n\u0131n da \u00fcyesi oldu\u011fu Bar\u0131\u015f Kurulu\u2019nun faaliyetlerine ili\u015fkin ba\u015fl\u0131klar ele al\u0131nd\u0131.<\/p>\n<p>BAKAN F\u0130DAN, BARI\u015e KURULU TOPLANTISINA KATILMI\u015eTI<\/p>\n<p>Bakan Fidan , d\u00fcn kat\u0131ld\u0131\u011f\u0131 Bar\u0131\u015f Kurulu\u2019nun ilk toplant\u0131s\u0131nda, &quot;Cumhurba\u015fkan\u0131 Recep Tayyip Erdo\u011fan, Gazze&#x27;nin g\u00fcvenli\u011finin istikrara kavu\u015fmas\u0131 ve toparlanmas\u0131 i\u00e7in t\u00fcm kararl\u0131l\u0131\u011f\u0131n\u0131 korumaktad\u0131r. T\u00fcrkiye, Gazze&#x27;ye halihaz\u0131rda b\u00fcy\u00fck miktarda insani yard\u0131m sa\u011flamaktad\u0131r. Sa\u011fl\u0131k ve e\u011fitim sekt\u00f6rlerinin yeniden yap\u0131land\u0131r\u0131lmas\u0131na ve polis g\u00fcc\u00fcn\u00fcn e\u011fitimine de anlaml\u0131 katk\u0131lar sa\u011flayabiliriz. Ayr\u0131ca, Uluslararas\u0131 \u0130stikrar G\u00fcc\u00fc&#x27;ne asker sa\u011flamaya haz\u0131r\u0131z&quot; ifadelerini kullanm\u0131\u015ft\u0131.<\/p>\n<p>T\u00fcrkiye g\u00fcndeminden son dakika haberleri, bug\u00fcn ya\u015fanan en son geli\u015fmeler, siyaset g\u00fcndeminden g\u00fcncel haberler ve b\u00fct\u00fcn son dakika haberleri i\u00e7in H\u00fcrriyet&#x27;in internet haber sitesi hurriyet.com.tr; Hurriyet.com.tr haber i\u00e7erikleri kaynak&#8230;<\/p>\n","protected":false},"excerpt":{"rendered":"<p>D\u0131\u015fi\u015fleri Bakan\u0131 Hakan Fidan, ABD\u2019nin ba\u015fkenti Washington\u2019daki temaslar\u0131 kapsam\u0131nda Kambo\u00e7ya Ba\u015fbakan\u0131 Hun Manet ile bir araya geldi.<\/p>\n","protected":false},"author":2,"featured_media":2616,"comment_status":"open","ping_status":"open","sticky":false,"template":"","format":"standard","meta":{"footnotes":""},"categories":[8,6,5],"tags":[],"class_list":["post-2617","post","type-post","status-publish","format-standard","has-post-thumbnail","hentry","category-arsiv","category-gundem","category-son-dakika"],"_links":{"self":[{"href":"https:\/\/eskigazeteci.com\/index.php?rest_route=\/wp\/v2\/posts\/2617","targetHints":{"allow":["GET"]}}],"collection":[{"href":"https:\/\/eskigazeteci.com\/index.php?rest_route=\/wp\/v2\/posts"}],"about":[{"href":"https:\/\/eskigazeteci.com\/index.php?rest_route=\/wp\/v2\/types\/post"}],"author":[{"embeddable":true,"href":"https:\/\/eskigazeteci.com\/index.php?rest_route=\/wp\/v2\/users\/2"}],"replies":[{"embeddable":true,"href":"https:\/\/eskigazeteci.com\/index.php?rest_route=%2Fwp%2Fv2%2Fcomments&post=2617"}],"version-history":[{"count":0,"href":"https:\/\/eskigazeteci.com\/index.php?rest_route=\/wp\/v2\/posts\/2617\/revisions"}],"wp:featuredmedia":[{"embeddable":true,"href":"https:\/\/eskigazeteci.com\/index.php?rest_route=\/wp\/v2\/media\/2616"}],"wp:attachment":[{"href":"https:\/\/eskigazeteci.com\/index.php?rest_route=%2Fwp%2Fv2%2Fmedia&parent=2617"}],"wp:term":[{"taxonomy":"category","embeddable":true,"href":"https:\/\/eskigazeteci.com\/index.php?rest_route=%2Fwp%2Fv2%2Fcategories&post=2617"},{"taxonomy":"post_tag","embeddable":true,"href":"https:\/\/eskigazeteci.com\/index.php?rest_route=%2Fwp%2Fv2%2Ftags&post=2617"}],"curies":[{"name":"wp","href":"https:\/\/api.w.org\/{rel}","templated":true}]}}