{"id":2615,"date":"2026-02-20T18:40:54","date_gmt":"2026-02-20T18:40:54","guid":{"rendered":"https:\/\/eskigazeteci.com\/?p=2615"},"modified":"2026-02-20T18:40:54","modified_gmt":"2026-02-20T18:40:54","slug":"12-yargi-paketi-maddeleri-ve-icerigi-2026","status":"publish","type":"post","link":"https:\/\/eskigazeteci.com\/?p=2615","title":{"rendered":"12. YARGI PAKET\u0130 MADDELER\u0130 VE \u0130\u00c7ER\u0130\u011e\u0130 2026"},"content":{"rendered":"<p>Yeni yarg\u0131 paketi tasla\u011f\u0131 ve kapsam\u0131 ile ilgili \u00e7al\u0131\u015fmalar devam ediyor. Y\u0131lba\u015f\u0131 \u00f6nce 11. Yarg\u0131 Paketi&#x27;nin y\u00fcr\u00fcrl\u00fc\u011fe girmesinin ard\u0131ndan, Adalet Bakanl\u0131\u011f\u0131 12. Yarg\u0131 Paketi maddeleri i\u00e7in d\u00fc\u011fmeye bast\u0131. Bu kapsamda, mahkum ve mahkum yak\u0131nlar\u0131 da yeni yarg\u0131 paketinde af \u00e7\u0131kacak m\u0131? infaz d\u00fczenlemesi yap\u0131lacak m\u0131? sorular\u0131na yan\u0131t aramaya ba\u015flad\u0131. 12. Yarg\u0131 Paketi d\u00fczenlemesi maddeleri kamuoyunda takip edilirken, Bakan G\u00fcrlek konuyla ilgili a\u00e7\u0131klamalarda bulundu. Atlas \u00c7a\u011flayan ve Mattia Ahmet Minguzzi cinayetleri sonras\u0131 ac\u0131l\u0131 aileleri arad\u0131\u011f\u0131n\u0131 anlatan G\u00fcrlek, &quot;Ceza hukukumuz bak\u0131m\u0131ndan 12-18 ya\u015f aral\u0131\u011f\u0131ndaki \u00e7ocuklar\u0131n cezai sorumluluklar\u0131 var. \u0130\u015fte bizim ceza kanunumuzda 12-15 ya\u015f grubu var. Bir de 15-18 ya\u015f grubu var. Bunlarla ilgili \u00e7al\u0131\u015faca\u011f\u0131z. Biz kesinlikle sokak \u00e7etelerine g\u00f6z a\u00e7t\u0131rmayaca\u011f\u0131z.&quot; vurgusunu yapt\u0131. G\u00f6zler \u015fimdi 12. Yarg\u0131 Paketi Meclis tarihinde. Peki, 12. Yarg\u0131 Paketi ne zaman \u00e7\u0131kacak, i\u00e7eri\u011fi neler? 12. Yarg\u0131 Paketi Meclis&#x27;e geldi mi? \u0130\u015fte, ayr\u0131nt\u0131lar.<\/p>\n<p>Adalet Bakan\u0131 Ak\u0131n G\u00fcrlek, \u00f6zellikle gen\u00e7leri hedef alan su\u00e7 a\u011flar\u0131na kar\u015f\u0131 y\u00fcr\u00fct\u00fclen yasa d\u0131\u015f\u0131 bahis ve uyu\u015fturucu operasyonlar\u0131n\u0131n, \u00fclke genelinde kararl\u0131l\u0131kla devam edece\u011fini bildirdi. &quot;Su\u00e7a s\u00fcr\u00fcklenen \u00e7ocuk&quot;&#8230;<\/p>\n","protected":false},"excerpt":{"rendered":"<p>12. Yarg\u0131 Paketi son dakika geli\u015fmeler, kamuoyunun g\u00fcndeminde yer almaya devam ediyor. Adalet Bakanl\u0131\u011f\u0131 taraf\u0131ndan \u00e7al\u0131\u015fmalar devam ederken, 12. Yarg\u0131 Paketi&#8230;<\/p>\n","protected":false},"author":2,"featured_media":2614,"comment_status":"open","ping_status":"open","sticky":false,"template":"","format":"standard","meta":{"footnotes":""},"categories":[8,6,5],"tags":[],"class_list":["post-2615","post","type-post","status-publish","format-standard","has-post-thumbnail","hentry","category-arsiv","category-gundem","category-son-dakika"],"_links":{"self":[{"href":"https:\/\/eskigazeteci.com\/index.php?rest_route=\/wp\/v2\/posts\/2615","targetHints":{"allow":["GET"]}}],"collection":[{"href":"https:\/\/eskigazeteci.com\/index.php?rest_route=\/wp\/v2\/posts"}],"about":[{"href":"https:\/\/eskigazeteci.com\/index.php?rest_route=\/wp\/v2\/types\/post"}],"author":[{"embeddable":true,"href":"https:\/\/eskigazeteci.com\/index.php?rest_route=\/wp\/v2\/users\/2"}],"replies":[{"embeddable":true,"href":"https:\/\/eskigazeteci.com\/index.php?rest_route=%2Fwp%2Fv2%2Fcomments&post=2615"}],"version-history":[{"count":0,"href":"https:\/\/eskigazeteci.com\/index.php?rest_route=\/wp\/v2\/posts\/2615\/revisions"}],"wp:featuredmedia":[{"embeddable":true,"href":"https:\/\/eskigazeteci.com\/index.php?rest_route=\/wp\/v2\/media\/2614"}],"wp:attachment":[{"href":"https:\/\/eskigazeteci.com\/index.php?rest_route=%2Fwp%2Fv2%2Fmedia&parent=2615"}],"wp:term":[{"taxonomy":"category","embeddable":true,"href":"https:\/\/eskigazeteci.com\/index.php?rest_route=%2Fwp%2Fv2%2Fcategories&post=2615"},{"taxonomy":"post_tag","embeddable":true,"href":"https:\/\/eskigazeteci.com\/index.php?rest_route=%2Fwp%2Fv2%2Ftags&post=2615"}],"curies":[{"name":"wp","href":"https:\/\/api.w.org\/{rel}","templated":true}]}}