{"id":2613,"date":"2026-02-20T18:12:26","date_gmt":"2026-02-20T18:12:26","guid":{"rendered":"https:\/\/eskigazeteci.com\/?p=2613"},"modified":"2026-02-20T18:12:26","modified_gmt":"2026-02-20T18:12:26","slug":"besiktasta-goztepe-maci-mesaisi","status":"publish","type":"post","link":"https:\/\/eskigazeteci.com\/?p=2613","title":{"rendered":"Be\u015fikta\u015f&#8217;ta G\u00f6ztepe ma\u00e7\u0131 mesaisi!"},"content":{"rendered":"<p>Siyah-beyazl\u0131 kul\u00fcpten yap\u0131lan a\u00e7\u0131klamaya g\u00f6re BJK Nevzat Demir Tesisleri&#x27;ndeki idman, teknik direkt\u00f6r Sergen Yal\u00e7\u0131n y\u00f6netiminde ger\u00e7ekle\u015ftirildi. Is\u0131nma ko\u015fular\u0131yla ba\u015flayan idman, pas \u00e7al\u0131\u015fmas\u0131n\u0131n ard\u0131ndan yap\u0131lan taktiksel \u00e7al\u0131\u015fmalarla sona erdi.<\/p>\n<p>Be\u015fikta\u015f , yar\u0131n yapaca\u011f\u0131 antrenmanla G\u00f6ztepe ma\u00e7\u0131n\u0131n haz\u0131rl\u0131klar\u0131n\u0131 tamamlayarak tesislerde kampa girecek.<\/p>\n<p>T\u00fcrkiye&#x27;den ve D\u00fcnya\u2019dan son dakika haberleri, k\u00f6\u015fe yaz\u0131lar\u0131, magazinden siyasete, spordan seyahate b\u00fct\u00fcn konular\u0131n tek adresi Hurriyet.com.tr haber i\u00e7erikleri izin al\u0131nmadan, kaynak g\u00f6sterilerek dahi iktibas edilemez. Kanuna ayk\u0131r\u0131 ve izinsiz olarak kopyalanamaz, ba\u015fka yerde yay\u0131nlanamaz.<\/p>\n","protected":false},"excerpt":{"rendered":"<p>Be\u015fikta\u015f Futbol Tak\u0131m\u0131, Trendyol S\u00fcper Lig&#8217;in 23. haftas\u0131nda 22 \u015eubat Pazar g\u00fcn\u00fc sahas\u0131nda G\u00f6ztepe ile yapaca\u011f\u0131 ma\u00e7\u0131n haz\u0131rl\u0131klar\u0131n\u0131 s\u00fcrd\u00fcrd\u00fc.<\/p>\n","protected":false},"author":2,"featured_media":2612,"comment_status":"open","ping_status":"open","sticky":false,"template":"","format":"standard","meta":{"footnotes":""},"categories":[8,5,7],"tags":[],"class_list":["post-2613","post","type-post","status-publish","format-standard","has-post-thumbnail","hentry","category-arsiv","category-son-dakika","category-spor"],"_links":{"self":[{"href":"https:\/\/eskigazeteci.com\/index.php?rest_route=\/wp\/v2\/posts\/2613","targetHints":{"allow":["GET"]}}],"collection":[{"href":"https:\/\/eskigazeteci.com\/index.php?rest_route=\/wp\/v2\/posts"}],"about":[{"href":"https:\/\/eskigazeteci.com\/index.php?rest_route=\/wp\/v2\/types\/post"}],"author":[{"embeddable":true,"href":"https:\/\/eskigazeteci.com\/index.php?rest_route=\/wp\/v2\/users\/2"}],"replies":[{"embeddable":true,"href":"https:\/\/eskigazeteci.com\/index.php?rest_route=%2Fwp%2Fv2%2Fcomments&post=2613"}],"version-history":[{"count":0,"href":"https:\/\/eskigazeteci.com\/index.php?rest_route=\/wp\/v2\/posts\/2613\/revisions"}],"wp:featuredmedia":[{"embeddable":true,"href":"https:\/\/eskigazeteci.com\/index.php?rest_route=\/wp\/v2\/media\/2612"}],"wp:attachment":[{"href":"https:\/\/eskigazeteci.com\/index.php?rest_route=%2Fwp%2Fv2%2Fmedia&parent=2613"}],"wp:term":[{"taxonomy":"category","embeddable":true,"href":"https:\/\/eskigazeteci.com\/index.php?rest_route=%2Fwp%2Fv2%2Fcategories&post=2613"},{"taxonomy":"post_tag","embeddable":true,"href":"https:\/\/eskigazeteci.com\/index.php?rest_route=%2Fwp%2Fv2%2Ftags&post=2613"}],"curies":[{"name":"wp","href":"https:\/\/api.w.org\/{rel}","templated":true}]}}