{"id":2611,"date":"2026-02-20T18:10:55","date_gmt":"2026-02-20T18:10:55","guid":{"rendered":"https:\/\/eskigazeteci.com\/?p=2611"},"modified":"2026-02-20T18:10:55","modified_gmt":"2026-02-20T18:10:55","slug":"besiktas-gain-basantrenoru-dusan-alimpijevic-sikayet-etmedik-aglamadik","status":"publish","type":"post","link":"https:\/\/eskigazeteci.com\/?p=2611","title":{"rendered":"Be\u015fikta\u015f GA\u0130N Ba\u015fantren\u00f6r\u00fc Dusan Alimpijevic: &#8216;\u015eikayet etmedik, a\u011flamad\u0131k&#8217;"},"content":{"rendered":"<p>Sinan Erdem Spor Salonu&#x27;nda oynanan ma\u00e7\u0131n ard\u0131ndan S\u0131rp \u00e7al\u0131\u015ft\u0131r\u0131c\u0131 ile siyah-beyazl\u0131 basketbolcu Serta\u00e7 \u015eanl\u0131, bas\u0131n mensuplar\u0131n\u0131n sorular\u0131n\u0131 yan\u0131tlad\u0131.<\/p>\n<p>Tak\u0131m\u0131yla gurur duydu\u011funu vurgulayan Alimpijevic, &quot;Y\u00f6netim, oyuncular ve teknik heyetle beraber son \u00fc\u00e7 y\u0131lda inan\u0131lmaz i\u015flere imza at\u0131yoruz. \u00dc\u00e7 sezondur T\u00fcrkiye&#x27;nin en iyi tak\u0131mlar\u0131ndan biriyiz. Bundan dolay\u0131 \u00e7ok mutluyum. Kupada \u00fcst \u00fcste ikinci kez finale \u00e7\u0131kmam\u0131z b\u00fcy\u00fck bir i\u015f. \u00dc\u00e7 y\u0131l \u00f6nce buraya geldi\u011fimizde tak\u0131m neredeyse k\u00fcme d\u00fc\u015fmek \u00fczereydi. \u015eu an ise Basketbol S\u00fcper Ligi&#x27;nde zirvede yer alan tak\u0131mlarla ayn\u0131 seviyeye geldik. Bir kez daha oyuncular\u0131mla gurur duyuyorum. Bu ma\u00e7\u0131 neredeyse iki kez kazand\u0131k. \u0130nand\u0131k ve b\u0131rakmad\u0131k, sonunda da ma\u00e7\u0131 kazand\u0131k. Karakterimizi g\u00f6sterdik.&quot; diye konu\u015ftu.<\/p>\n<p>Siyah-beyazl\u0131 tak\u0131m\u0131n pivotu Serta\u00e7 \u015eanl\u0131&#x27;n\u0131n performans\u0131ndan \u00f6vg\u00fcyle s\u00f6z eden Alimpijevic , &quot;Serta\u00e7&#x27;\u0131 kadromuza katarak iyi bir hamle yapt\u0131k. Onu iyi bir zamanda transfer ettik. Hi\u00e7bir zaman Ante Zizic ve Brynton Lemar gibi \u00f6nemli oyuncular\u0131n yoklu\u011fu nedeniyle \u015fikayet etmedik, a\u011flamad\u0131k. Milli ma\u00e7lardan sonra onlar da haz\u0131r olacak. Oyuncular Serta\u00e7 i\u00e7in bo\u015f \u015fut f\u0131rsat\u0131 olu\u015fturdular. O da ger\u00e7ekten \u00e7ok iyi bir ma\u00e7 \u00e7\u0131kard\u0131.&quot; ifadelerini&#8230;<\/p>\n","protected":false},"excerpt":{"rendered":"<p>Basketbol Ziraat Bankas\u0131 Erkekler T\u00fcrkiye Kupas\u0131 D\u00f6rtl\u00fc Final organizasyonunda Anadolu Efes&#8217;i 91-82 yenerek finale y\u00fckselen Be\u015fikta\u015f GA\u0130N&#8217;de ba\u015fantren\u00f6r&#8230;<\/p>\n","protected":false},"author":2,"featured_media":2610,"comment_status":"open","ping_status":"open","sticky":false,"template":"","format":"standard","meta":{"footnotes":""},"categories":[8,5,7],"tags":[],"class_list":["post-2611","post","type-post","status-publish","format-standard","has-post-thumbnail","hentry","category-arsiv","category-son-dakika","category-spor"],"_links":{"self":[{"href":"https:\/\/eskigazeteci.com\/index.php?rest_route=\/wp\/v2\/posts\/2611","targetHints":{"allow":["GET"]}}],"collection":[{"href":"https:\/\/eskigazeteci.com\/index.php?rest_route=\/wp\/v2\/posts"}],"about":[{"href":"https:\/\/eskigazeteci.com\/index.php?rest_route=\/wp\/v2\/types\/post"}],"author":[{"embeddable":true,"href":"https:\/\/eskigazeteci.com\/index.php?rest_route=\/wp\/v2\/users\/2"}],"replies":[{"embeddable":true,"href":"https:\/\/eskigazeteci.com\/index.php?rest_route=%2Fwp%2Fv2%2Fcomments&post=2611"}],"version-history":[{"count":0,"href":"https:\/\/eskigazeteci.com\/index.php?rest_route=\/wp\/v2\/posts\/2611\/revisions"}],"wp:featuredmedia":[{"embeddable":true,"href":"https:\/\/eskigazeteci.com\/index.php?rest_route=\/wp\/v2\/media\/2610"}],"wp:attachment":[{"href":"https:\/\/eskigazeteci.com\/index.php?rest_route=%2Fwp%2Fv2%2Fmedia&parent=2611"}],"wp:term":[{"taxonomy":"category","embeddable":true,"href":"https:\/\/eskigazeteci.com\/index.php?rest_route=%2Fwp%2Fv2%2Fcategories&post=2611"},{"taxonomy":"post_tag","embeddable":true,"href":"https:\/\/eskigazeteci.com\/index.php?rest_route=%2Fwp%2Fv2%2Ftags&post=2611"}],"curies":[{"name":"wp","href":"https:\/\/api.w.org\/{rel}","templated":true}]}}