{"id":2609,"date":"2026-02-20T18:05:31","date_gmt":"2026-02-20T18:05:31","guid":{"rendered":"https:\/\/eskigazeteci.com\/?p=2609"},"modified":"2026-02-20T18:05:31","modified_gmt":"2026-02-20T18:05:31","slug":"bakan-kurum-nurdaginda-ilk-evim-ilk-iftarim-programinda-konustu","status":"publish","type":"post","link":"https:\/\/eskigazeteci.com\/?p=2609","title":{"rendered":"Bakan Kurum, Nurda\u011f\u0131&#8217;nda \u0130lk evim, ilk iftar\u0131m program\u0131nda konu\u015ftu"},"content":{"rendered":"<p>&quot;\u0130lk evim, ilk iftar\u0131m&quot; projesi kapsam\u0131nda Gaziantep&#x27;in Nurda\u011f\u0131 il\u00e7esinde iftar program\u0131na kat\u0131lan Kurum, burada yapt\u0131\u011f\u0131 konu\u015fmada, &quot;Ev Sahibi T\u00fcrkiye&quot; yolculu\u011funda Gaziantep&#x27;te 13 bin 890 konutun kura sevincine birlikte ortak olduklar\u0131n\u0131 s\u00f6yledi.<\/p>\n<p>Nurda\u011f\u0131&#x27;nda yeniden aya\u011fa kalkan hayat\u0131n, yeniden kurulan d\u00fczenin ve yeniden yanan ocaklar\u0131n sevincine \u015fahitlik ettiklerini belirten Kurum, \u015funlar\u0131 kaydetti:<\/p>\n<p>&quot;Bizi ayn\u0131 sofrada bulu\u015fturan, bu \u015fehre hizmet etmeyi, Nurda\u011f\u0131 &#x27;na destek olmay\u0131 nasip eden Rabb&#x27;ime hamdediyorum. 6 \u015eubat sabah\u0131 da burada, Nurda\u011f\u0131&#x27;nda hep beraberdik. O g\u00fcn bu sokaklarda, bir o yana bir bu yana nefes nefese ko\u015ftururken, hayatlar\u0131n sars\u0131ld\u0131\u011f\u0131na, sokaklar\u0131n sustu\u011funa, ocaklar\u0131m\u0131z\u0131n s\u00f6nd\u00fc\u011f\u00fcne \u015fahit olmak b\u00fcy\u00fck bir ac\u0131yd\u0131. Kar\u015f\u0131 kar\u015f\u0131ya oldu\u011fumuz y\u0131k\u0131m, al\u0131\u015f\u0131lm\u0131\u015f\u0131n d\u0131\u015f\u0131nda bir b\u00fcy\u00fckl\u00fckteydi. Bu y\u00fczden ortaya koydu\u011fumuz irade de s\u0131radan olamazd\u0131.&quot;<\/p>\n<p>&quot;H\u0130\u00c7 K\u0130MSEY\u0130 YUVASIZ BIRAKMAYACA\u011eIZ&quot;<\/p>\n<p>O d\u00f6nem vatanda\u015flara, &quot;Hi\u00e7 kimseyi yuvas\u0131z b\u0131rakmayaca\u011f\u0131z&quot; diyerek s\u00f6z verdiklerini hat\u0131rlatan Kurum, binlerce \u015fantiyede 200 bin mimar, m\u00fchendis ve i\u015f\u00e7iyle gece g\u00fcnd\u00fcz demeden \u00e7al\u0131\u015farak 455 bin konut, k\u00f6y evi ve i\u015f yerini tamamlad\u0131klar\u0131n\u0131 anlatt\u0131.<\/p>\n<p>Kurum, ortaya \u00e7\u0131kan tablonun sadece&#8230;<\/p>\n","protected":false},"excerpt":{"rendered":"<p>\u00c7evre, \u015eehircilik ve \u0130klim De\u011fi\u015fikli\u011fi Bakan\u0131 Murat Kurum, Burada ortaya \u00e7\u0131kan \u015fey, betonun ve demirin \u00f6tesinde bir devlet kudretidir. En zor g\u00fcn\u00fcnde&#8230;<\/p>\n","protected":false},"author":2,"featured_media":2608,"comment_status":"open","ping_status":"open","sticky":false,"template":"","format":"standard","meta":{"footnotes":""},"categories":[8,6,5],"tags":[],"class_list":["post-2609","post","type-post","status-publish","format-standard","has-post-thumbnail","hentry","category-arsiv","category-gundem","category-son-dakika"],"_links":{"self":[{"href":"https:\/\/eskigazeteci.com\/index.php?rest_route=\/wp\/v2\/posts\/2609","targetHints":{"allow":["GET"]}}],"collection":[{"href":"https:\/\/eskigazeteci.com\/index.php?rest_route=\/wp\/v2\/posts"}],"about":[{"href":"https:\/\/eskigazeteci.com\/index.php?rest_route=\/wp\/v2\/types\/post"}],"author":[{"embeddable":true,"href":"https:\/\/eskigazeteci.com\/index.php?rest_route=\/wp\/v2\/users\/2"}],"replies":[{"embeddable":true,"href":"https:\/\/eskigazeteci.com\/index.php?rest_route=%2Fwp%2Fv2%2Fcomments&post=2609"}],"version-history":[{"count":0,"href":"https:\/\/eskigazeteci.com\/index.php?rest_route=\/wp\/v2\/posts\/2609\/revisions"}],"wp:featuredmedia":[{"embeddable":true,"href":"https:\/\/eskigazeteci.com\/index.php?rest_route=\/wp\/v2\/media\/2608"}],"wp:attachment":[{"href":"https:\/\/eskigazeteci.com\/index.php?rest_route=%2Fwp%2Fv2%2Fmedia&parent=2609"}],"wp:term":[{"taxonomy":"category","embeddable":true,"href":"https:\/\/eskigazeteci.com\/index.php?rest_route=%2Fwp%2Fv2%2Fcategories&post=2609"},{"taxonomy":"post_tag","embeddable":true,"href":"https:\/\/eskigazeteci.com\/index.php?rest_route=%2Fwp%2Fv2%2Ftags&post=2609"}],"curies":[{"name":"wp","href":"https:\/\/api.w.org\/{rel}","templated":true}]}}