{"id":2607,"date":"2026-02-20T18:03:59","date_gmt":"2026-02-20T18:03:59","guid":{"rendered":"https:\/\/eskigazeteci.com\/?p=2607"},"modified":"2026-02-20T18:03:59","modified_gmt":"2026-02-20T18:03:59","slug":"bakan-isikhan-kadinlarda-issizlik-orani-13-yilin-en-dusuk-seviyesinde","status":"publish","type":"post","link":"https:\/\/eskigazeteci.com\/?p=2607","title":{"rendered":"Bakan I\u015f\u0131khan: Kad\u0131nlarda i\u015fsizlik oran\u0131, 13 y\u0131l\u0131n en d\u00fc\u015f\u00fck seviyesinde"},"content":{"rendered":"<p>\u00c7al\u0131\u015fma ve Sosyal G\u00fcvenlik Bakan\u0131 Vedat I\u015f\u0131khan , bir dizi incelemelerde bulunmak \u00fczere Elaz\u0131\u011f\u2019a geldi. Elaz\u0131\u011f Valili\u011fi\u2019ni ziyaret eden Bakan I\u015f\u0131khan, il protokol\u00fc taraf\u0131ndan kar\u015f\u0131land\u0131. \u015eeref defterini imzalay\u0131p Vali Numan Hatipo\u011flu\u2019ndan bilgi alan Bakan I\u015f\u0131khan, daha sora Elaz\u0131\u011f Belediyesi\u2019ni ziyaret ederek Belediye Ba\u015fkan\u0131 \u015eahin \u015eerifo\u011fullar\u0131\u2019yla g\u00f6r\u00fc\u015ft\u00fc. Bakan I\u015f\u0131khan, daha sonra AK Parti \u0130l Ba\u015fkanl\u0131\u011f\u0131\u2019na ge\u00e7ti.<\/p>\n<p>\u2018DEPREM B\u00d6LGES\u0130NDE YAKLA\u015eIK 500 B\u0130N KONUTU TESL\u0130M ETT\u0130K\u2019<\/p>\n<p>Partisinin il ba\u015fkanl\u0131\u011f\u0131nda konu\u015fan Bakan I\u015f\u0131khan, Elaz\u0131\u011f\u2019da 15 bin i\u015fyeri, k\u00f6y evi ve konutun teslim edildi\u011fini belirterek, \u201c\u0130lk Ramazanlar\u0131nda \u2018Yeni evim, ilk iftar\u0131m\u2019 diyen depremzede karde\u015flerimizi yeni yuvalar\u0131nda yaln\u0131z b\u0131rakm\u0131yor, onlarla ayn\u0131 sofralarda ekme\u011fimizi payla\u015f\u0131yoruz. Dostluk ve karde\u015flik, ac\u0131y\u0131, mutlulu\u011fu, huzuru payla\u015fmakt\u0131r. 6 \u015eubat depremlerinde ya\u015fad\u0131\u011f\u0131m\u0131z y\u0131k\u0131mda nas\u0131l birbirimize kenetlenip tek y\u00fcrek olduysak, 3 y\u0131l gibi k\u0131sa bir s\u00fcrede \u015fehirlerimizi aya\u011fa kald\u0131rmay\u0131 ba\u015fard\u0131\u011f\u0131m\u0131z 11 ilimizde p\u0131r\u0131l p\u0131r\u0131l evlerine kavu\u015fan karde\u015flerimizin sevincinde de birlikteyiz. Onlarla beraberiz. Hamdolsun biz 86 milyon T\u00fcrkiye olarak ac\u0131lar\u0131m\u0131z\u0131 da sevin\u00e7lerimizi de hep birlikte ya\u015fayan bir milletiz&#8230;.<\/p>\n","protected":false},"excerpt":{"rendered":"<p>\u00c7al\u0131\u015fma ve Sosyal G\u00fcvenlik Bakan\u0131 Vedat I\u015f\u0131khan, \u201c\u00d6zellikle ekonomi hayat\u0131na katmak i\u00e7in \u00f6zel bir gayret g\u00f6sterdi\u011fimiz gen\u00e7 ve kad\u0131n istihdam\u0131nda \u00e7ok \u00f6nemli&#8230;<\/p>\n","protected":false},"author":2,"featured_media":2606,"comment_status":"open","ping_status":"open","sticky":false,"template":"","format":"standard","meta":{"footnotes":""},"categories":[8,6,5],"tags":[],"class_list":["post-2607","post","type-post","status-publish","format-standard","has-post-thumbnail","hentry","category-arsiv","category-gundem","category-son-dakika"],"_links":{"self":[{"href":"https:\/\/eskigazeteci.com\/index.php?rest_route=\/wp\/v2\/posts\/2607","targetHints":{"allow":["GET"]}}],"collection":[{"href":"https:\/\/eskigazeteci.com\/index.php?rest_route=\/wp\/v2\/posts"}],"about":[{"href":"https:\/\/eskigazeteci.com\/index.php?rest_route=\/wp\/v2\/types\/post"}],"author":[{"embeddable":true,"href":"https:\/\/eskigazeteci.com\/index.php?rest_route=\/wp\/v2\/users\/2"}],"replies":[{"embeddable":true,"href":"https:\/\/eskigazeteci.com\/index.php?rest_route=%2Fwp%2Fv2%2Fcomments&post=2607"}],"version-history":[{"count":0,"href":"https:\/\/eskigazeteci.com\/index.php?rest_route=\/wp\/v2\/posts\/2607\/revisions"}],"wp:featuredmedia":[{"embeddable":true,"href":"https:\/\/eskigazeteci.com\/index.php?rest_route=\/wp\/v2\/media\/2606"}],"wp:attachment":[{"href":"https:\/\/eskigazeteci.com\/index.php?rest_route=%2Fwp%2Fv2%2Fmedia&parent=2607"}],"wp:term":[{"taxonomy":"category","embeddable":true,"href":"https:\/\/eskigazeteci.com\/index.php?rest_route=%2Fwp%2Fv2%2Fcategories&post=2607"},{"taxonomy":"post_tag","embeddable":true,"href":"https:\/\/eskigazeteci.com\/index.php?rest_route=%2Fwp%2Fv2%2Ftags&post=2607"}],"curies":[{"name":"wp","href":"https:\/\/api.w.org\/{rel}","templated":true}]}}