{"id":2605,"date":"2026-02-20T18:02:26","date_gmt":"2026-02-20T18:02:26","guid":{"rendered":"https:\/\/eskigazeteci.com\/?p=2605"},"modified":"2026-02-20T18:02:26","modified_gmt":"2026-02-20T18:02:26","slug":"bakan-bak-birileri-gibi-deprem-turisti-degiliz","status":"publish","type":"post","link":"https:\/\/eskigazeteci.com\/?p=2605","title":{"rendered":"Bakan Bak: Birileri gibi deprem turisti de\u011filiz"},"content":{"rendered":"<p>Gen\u00e7lik ve Spor Bakan\u0131 Osman A\u015fk\u0131n Bak , &#x27;Ev Sahibi T\u00fcrkiye&#x27; program\u0131 kapsam\u0131nda Diyarbak\u0131r\u2019a geldi. Bakan Osman A\u015fk\u0131n Bak, Valili\u011fi ve ard\u0131ndan AK Parti \u0130l Te\u015fkilat\u0131\u2019n\u0131n ziyaret etti. Bakan Bak\u2019a AK Parti Diyarbak\u0131r Milletvekilleri Mehmet Sait Yaz, Mehmet Galip Ensario\u011flu ve Suna Kepolu Ataman ile \u0130l Ba\u015fkan\u0131 \u00d6mer \u0130ler e\u015flik etti.<\/p>\n<p>&#x27;455 B\u0130N\u0130 A\u015eKIN AFET KONUTUMUZUN HAK SAH\u0130B\u0130NE, A\u0130LELER\u0130M\u0130ZE TESL\u0130M ETT\u0130K&#x27;<\/p>\n<p>Partisinin il ba\u015fkanl\u0131\u011f\u0131nda konu\u015fan Bakan Bak, \u015funlar\u0131 s\u00f6yledi:<\/p>\n<p>\u201cRamazan-\u0131 \u015eerif&#x27;te de b\u00fct\u00fcn te\u015fkilatlar\u0131m\u0131zla vatanda\u015flar\u0131m\u0131z\u0131n evlerinde olaca\u011f\u0131z. G\u00f6n\u00fcllerini kazanmak i\u00e7in \u00e7al\u0131\u015faca\u011f\u0131z. \u015eimdi \u00f6zellikle de hepimizi derinden \u00fczen, b\u00fct\u00fcn \u00fclkeyi sarsan asr\u0131n felaketinin 3&#x27;\u00fcnc\u00fc y\u0131l\u0131n\u0131 geride b\u0131rakt\u0131k. Depremin \u00fczerinden k\u0131sa bir s\u00fcre ge\u00e7mesine ra\u011fmen \u00e7ok \u015f\u00fck\u00fcr devletimizin dirayeti ve kudreti, milletimizin feraseti ile yaralar\u0131m\u0131z\u0131 h\u0131zla sar\u0131yoruz, sarmaya devam ediyoruz. Bug\u00fcn geldi\u011fimiz noktada Allah&#x27;a \u015f\u00fck\u00fcrler olsun ki \u00f6nemli bir yol kat ettik ve binlerce ailemizi yeni evlerine kavu\u015fturduk. \u0130n\u015faat \u00e7al\u0131\u015fmalar\u0131m\u0131z\u0131 b\u00fcy\u00fck \u00f6l\u00e7\u00fcde tamamlam\u0131\u015f olman\u0131n mutlulu\u011funu siz de\u011ferli yol ve dava arkada\u015flar\u0131m\u0131zla payla\u015f\u0131yoruz. Bug\u00fcne kadar 433 bin 667&#x27;si konut 21 bin 690\u2019\u0131 i\u015fyeri olmak \u00fczere&#8230;<\/p>\n","protected":false},"excerpt":{"rendered":"<p>Gen\u00e7lik ve Spor Bakan\u0131 Osman A\u015fk\u0131n Bak, Diyarbak\u0131r\u2019da deprem konusunda \u00f6nemli yat\u0131r\u0131mlar yapt\u0131klar\u0131n\u0131 vurgulayarak Birileri gibi deprem turisti de\u011filiz&#8230;.<\/p>\n","protected":false},"author":2,"featured_media":2604,"comment_status":"open","ping_status":"open","sticky":false,"template":"","format":"standard","meta":{"footnotes":""},"categories":[8,6,5],"tags":[],"class_list":["post-2605","post","type-post","status-publish","format-standard","has-post-thumbnail","hentry","category-arsiv","category-gundem","category-son-dakika"],"_links":{"self":[{"href":"https:\/\/eskigazeteci.com\/index.php?rest_route=\/wp\/v2\/posts\/2605","targetHints":{"allow":["GET"]}}],"collection":[{"href":"https:\/\/eskigazeteci.com\/index.php?rest_route=\/wp\/v2\/posts"}],"about":[{"href":"https:\/\/eskigazeteci.com\/index.php?rest_route=\/wp\/v2\/types\/post"}],"author":[{"embeddable":true,"href":"https:\/\/eskigazeteci.com\/index.php?rest_route=\/wp\/v2\/users\/2"}],"replies":[{"embeddable":true,"href":"https:\/\/eskigazeteci.com\/index.php?rest_route=%2Fwp%2Fv2%2Fcomments&post=2605"}],"version-history":[{"count":0,"href":"https:\/\/eskigazeteci.com\/index.php?rest_route=\/wp\/v2\/posts\/2605\/revisions"}],"wp:featuredmedia":[{"embeddable":true,"href":"https:\/\/eskigazeteci.com\/index.php?rest_route=\/wp\/v2\/media\/2604"}],"wp:attachment":[{"href":"https:\/\/eskigazeteci.com\/index.php?rest_route=%2Fwp%2Fv2%2Fmedia&parent=2605"}],"wp:term":[{"taxonomy":"category","embeddable":true,"href":"https:\/\/eskigazeteci.com\/index.php?rest_route=%2Fwp%2Fv2%2Fcategories&post=2605"},{"taxonomy":"post_tag","embeddable":true,"href":"https:\/\/eskigazeteci.com\/index.php?rest_route=%2Fwp%2Fv2%2Ftags&post=2605"}],"curies":[{"name":"wp","href":"https:\/\/api.w.org\/{rel}","templated":true}]}}