{"id":2603,"date":"2026-02-20T18:00:54","date_gmt":"2026-02-20T18:00:54","guid":{"rendered":"https:\/\/eskigazeteci.com\/?p=2603"},"modified":"2026-02-20T18:00:54","modified_gmt":"2026-02-20T18:00:54","slug":"iskenderun","status":"publish","type":"post","link":"https:\/\/eskigazeteci.com\/?p=2603","title":{"rendered":"\u0130skenderun"},"content":{"rendered":"<p>Ula\u015ft\u0131rma ve Altyap\u0131 Bakan\u0131 Abdulkadir Uralo\u011flu , kentteki programlar\u0131 kapsam\u0131nda, yap\u0131m\u0131na ba\u015flanan Antakya 3. \u00c7evre Yolu&#x27;nda incelemede bulundu, \u00e7al\u0131\u015fmalar hakk\u0131nda yetkililerden bilgi ald\u0131.<\/p>\n<p>Hatay Valili\u011fini ziyaret eden Uralo\u011flu, Valilik \u015eeref Defteri&#x27;ni imzalad\u0131, daha sonra Vali Mustafa Masatl\u0131 ile g\u00f6r\u00fc\u015ft\u00fc.<\/p>\n<p>Bakan Uralo\u011flu, ard\u0131ndan Antakya il\u00e7esindeki Hatay Merkez Spor Salonu&#x27;nda d\u00fczenlenen &quot;Karde\u015flik \u0130ftar\u0131&quot;na kat\u0131ld\u0131.<\/p>\n<p>\u2018AMANOS T\u00dcNELLER\u0130\u2019NDE \u00d6N\u00dcM\u00dcZDEK\u0130 AY KAZMA VURULACAK\u2019<\/p>\n<p>\u0130ftar \u00f6ncesi konu\u015fan Bakan Uralo\u011flu, Amanos T\u00fcnelleri Projesi\u2019ne ili\u015fkin bilgi verdi. D\u00f6rtyol\u2019dan Hassa\u2019ya uzanacak yakla\u015f\u0131k 20 kilometre uzunlu\u011funda \u00fc\u00e7 t\u00fcnel in\u015fa edilece\u011fini belirten Uralo\u011flu, \u201c\u0130kisi otoyol, iki gidi\u015f iki geli\u015f, bir tanesi de demir yolu t\u00fcneli olacak. \u00c7al\u0131\u015fmalar\u0131 ba\u015flatmak \u00fczereyiz. \u0130n\u015fallah \u00f6n\u00fcm\u00fczdeki ay\u0131n ilk g\u00fcnlerinde kazmay\u0131 vurmu\u015f olaca\u011f\u0131z. Bu proje sadece Hatay\u2019\u0131n de\u011fil, b\u00f6lgenin projesidir. Hatay\u2019\u0131 Gaziantep\u2019e, G\u00fcneydo\u011fu\u2019ya ve kalk\u0131nma yolu \u00fczerinden Orta Do\u011fu\u2019ya ba\u011flayacak \u00f6nemli projelerden biridir\u201d dedi.<\/p>\n<p>\u2018\u0130SKENDERUN-HATAY OTOYOLU EN GE\u00c7 2028\u2019DE TAMAM\u2019<\/p>\n<p>\u0130skenderun-Hatay Otoyolu ve Belen Ge\u00e7i\u015fi\u2019ni de i\u00e7eren projede \u00e7al\u0131\u015fmalar\u0131n s\u00fcrd\u00fc\u011f\u00fcn\u00fc kaydeden Uralo\u011flu, yakla\u015f\u0131k 19&#8230;<\/p>\n","protected":false},"excerpt":{"rendered":"<p>Ula\u015ft\u0131rma ve Altyap\u0131 Bakan\u0131 Abdulkadir Uralo\u011flu, \u0130skenderun-Hatay Otoyolu ve Belen Ge\u00e7i\u015fi\u2019ni de i\u00e7eren projede \u00e7al\u0131\u015fmalar\u0131n s\u00fcrd\u00fc\u011f\u00fcn\u00fc belirterek En ge\u00e7&#8230;<\/p>\n","protected":false},"author":2,"featured_media":2602,"comment_status":"open","ping_status":"open","sticky":false,"template":"","format":"standard","meta":{"footnotes":""},"categories":[8,6,5],"tags":[],"class_list":["post-2603","post","type-post","status-publish","format-standard","has-post-thumbnail","hentry","category-arsiv","category-gundem","category-son-dakika"],"_links":{"self":[{"href":"https:\/\/eskigazeteci.com\/index.php?rest_route=\/wp\/v2\/posts\/2603","targetHints":{"allow":["GET"]}}],"collection":[{"href":"https:\/\/eskigazeteci.com\/index.php?rest_route=\/wp\/v2\/posts"}],"about":[{"href":"https:\/\/eskigazeteci.com\/index.php?rest_route=\/wp\/v2\/types\/post"}],"author":[{"embeddable":true,"href":"https:\/\/eskigazeteci.com\/index.php?rest_route=\/wp\/v2\/users\/2"}],"replies":[{"embeddable":true,"href":"https:\/\/eskigazeteci.com\/index.php?rest_route=%2Fwp%2Fv2%2Fcomments&post=2603"}],"version-history":[{"count":0,"href":"https:\/\/eskigazeteci.com\/index.php?rest_route=\/wp\/v2\/posts\/2603\/revisions"}],"wp:featuredmedia":[{"embeddable":true,"href":"https:\/\/eskigazeteci.com\/index.php?rest_route=\/wp\/v2\/media\/2602"}],"wp:attachment":[{"href":"https:\/\/eskigazeteci.com\/index.php?rest_route=%2Fwp%2Fv2%2Fmedia&parent=2603"}],"wp:term":[{"taxonomy":"category","embeddable":true,"href":"https:\/\/eskigazeteci.com\/index.php?rest_route=%2Fwp%2Fv2%2Fcategories&post=2603"},{"taxonomy":"post_tag","embeddable":true,"href":"https:\/\/eskigazeteci.com\/index.php?rest_route=%2Fwp%2Fv2%2Ftags&post=2603"}],"curies":[{"name":"wp","href":"https:\/\/api.w.org\/{rel}","templated":true}]}}