{"id":260,"date":"2026-02-09T10:03:35","date_gmt":"2026-02-09T10:03:35","guid":{"rendered":"https:\/\/eskigazeteci.com\/?p=260"},"modified":"2026-02-09T10:03:35","modified_gmt":"2026-02-09T10:03:35","slug":"haber-105","status":"publish","type":"post","link":"https:\/\/eskigazeteci.com\/?p=260","title":{"rendered":"Haber"},"content":{"rendered":"<p>Menderes il\u00e7esi O\u011flananas\u0131 Mahallesi K\u0131s\u0131k Sanayi yolunda i\u00e7erisinde Bal\u0131mnaz T\u00fcrkkal, ablas\u0131 Nergiz T\u00fcrkkal ile Devran Y. ve T.D.&#x27;nin bulundu\u011fu otomobil, 5 \u015eubat ak\u015fam\u0131 dere \u00fczerindeki k\u00f6pr\u00fcden ge\u00e7erken iddiaya g\u00f6re sel sular\u0131na kap\u0131ld\u0131.<\/p>\n<p>Sel sular\u0131n\u0131n \u00f6n\u00fcne kat\u0131p s\u00fcr\u00fckledi\u011fi otomobildeki Devran Y. ve T.D., kendi imkanlar\u0131yla kurtuldu. \u0130hbarla b\u00f6lgeye \u0130zmir \u0130l Jandarma Komutanl\u0131\u011f\u0131 Sualt\u0131 Arama Kurtarma Timi, AFAD ekipleri sevk edildi.<\/p>\n<p>Devran Y. g\u00f6zalt\u0131na al\u0131n\u0131rken, T.D. ka\u00e7t\u0131. E\u011fitimli k\u00f6peklerin de kullan\u0131ld\u0131\u011f\u0131 arama-kurtarma \u00e7al\u0131\u015fmalar\u0131nda Bal\u0131mnaz T\u00fcrkkal ve ablas\u0131 Nergiz T\u00fcrkkal&#x27;\u0131n cans\u0131z bedenine ula\u015f\u0131ld\u0131.<\/p>\n<p>T\u00fcrkkal karde\u015fler, Hac\u0131lark\u0131r\u0131 Mezarl\u0131\u011f\u0131&#x27;nda topra\u011fa verildi. \u00d6te yandan Bal\u0131mnaz T\u00fcrkkal&#x27;\u0131n, sanal medyada videolar \u00e7ekti\u011fi belirtildi.<\/p>\n<p>3 FARKLI SU\u00c7TAN ARANIYORMU\u015e<\/p>\n<p>Ka\u00e7an s\u00fcr\u00fcc\u00fc T.D.&#x27;nin, \u00e7ok say\u0131da su\u00e7 kayd\u0131n\u0131n oldu\u011fu ve 3 farkl\u0131 su\u00e7tan aranmas\u0131 oldu\u011fu da belirtildi. Otomobilin bulundu\u011fu b\u00f6lgede \u00e7al\u0131\u015fma y\u00fcr\u00fcten jandarma ekipleri, T.D.&#x27;yi bulmaya \u00e7al\u0131\u015f\u0131yor.<\/p>\n<p>SERBEST BIRAKILDI<\/p>\n<p>Devran Y.\u2019nin ifadesinde, &quot;Hep birlikte Menderes&#x27;e gezmeye gitmi\u015ftik. D\u00f6n\u00fc\u015fte k\u00f6pr\u00fcden ge\u00e7erken sel sular\u0131na kap\u0131lan otomobil dereyi u\u00e7tu&quot; dedi\u011fi bildirildi.<\/p>\n<p>Jandarma karakolunda i\u015flemleri tamamlanan Ya\u011f\u0131z, serbest b\u0131rak\u0131ld\u0131.<\/p>\n<p>T\u00fcrkiye g\u00fcndeminden son dakika haberleri, bug\u00fcn ya\u015fanan en son geli\u015fmeler, siyaset g\u00fcndeminden g\u00fcncel haberler ve b\u00fct\u00fcn son dakika haberleri i\u00e7in H\u00fcrriyet&#x27;in internet haber sitesi hurriyet.com.tr; Hurriyet.com.tr haber i\u00e7erikleri kaynak g\u00f6sterilmeden al\u0131nt\u0131 yap\u0131lamaz, Kanuna ayk\u0131r\u0131 ve izinsiz olarak kopyalanamaz, ba\u015fka yerde yay\u0131nlanamaz.<\/p>\n","protected":false},"excerpt":{"rendered":"<p>\u0130zmir&#8217;in Menderes il\u00e7esinde Bal\u0131mnaz T\u00fcrkkal (16) ve ablas\u0131 Nergiz T\u00fcrkkal&#8217;\u0131n (21) hayat\u0131n\u0131 kaybetti\u011fi olayda, sel sular\u0131na kap\u0131lan otomobilden ka\u00e7an s\u00fcr\u00fcc\u00fc&#8230;<\/p>\n","protected":false},"author":2,"featured_media":259,"comment_status":"open","ping_status":"open","sticky":false,"template":"","format":"standard","meta":{"footnotes":""},"categories":[8,3],"tags":[],"class_list":["post-260","post","type-post","status-publish","format-standard","has-post-thumbnail","hentry","category-arsiv","category-siyaset"],"_links":{"self":[{"href":"https:\/\/eskigazeteci.com\/index.php?rest_route=\/wp\/v2\/posts\/260","targetHints":{"allow":["GET"]}}],"collection":[{"href":"https:\/\/eskigazeteci.com\/index.php?rest_route=\/wp\/v2\/posts"}],"about":[{"href":"https:\/\/eskigazeteci.com\/index.php?rest_route=\/wp\/v2\/types\/post"}],"author":[{"embeddable":true,"href":"https:\/\/eskigazeteci.com\/index.php?rest_route=\/wp\/v2\/users\/2"}],"replies":[{"embeddable":true,"href":"https:\/\/eskigazeteci.com\/index.php?rest_route=%2Fwp%2Fv2%2Fcomments&post=260"}],"version-history":[{"count":0,"href":"https:\/\/eskigazeteci.com\/index.php?rest_route=\/wp\/v2\/posts\/260\/revisions"}],"wp:featuredmedia":[{"embeddable":true,"href":"https:\/\/eskigazeteci.com\/index.php?rest_route=\/wp\/v2\/media\/259"}],"wp:attachment":[{"href":"https:\/\/eskigazeteci.com\/index.php?rest_route=%2Fwp%2Fv2%2Fmedia&parent=260"}],"wp:term":[{"taxonomy":"category","embeddable":true,"href":"https:\/\/eskigazeteci.com\/index.php?rest_route=%2Fwp%2Fv2%2Fcategories&post=260"},{"taxonomy":"post_tag","embeddable":true,"href":"https:\/\/eskigazeteci.com\/index.php?rest_route=%2Fwp%2Fv2%2Ftags&post=260"}],"curies":[{"name":"wp","href":"https:\/\/api.w.org\/{rel}","templated":true}]}}