{"id":2591,"date":"2026-02-20T17:10:50","date_gmt":"2026-02-20T17:10:50","guid":{"rendered":"https:\/\/eskigazeteci.com\/?p=2591"},"modified":"2026-02-20T17:10:50","modified_gmt":"2026-02-20T17:10:50","slug":"bakan-ersoy-vatandaslarla-yurudu-ev-sofrasinda-iftar-acti","status":"publish","type":"post","link":"https:\/\/eskigazeteci.com\/?p=2591","title":{"rendered":"Bakan Ersoy vatanda\u015flarla y\u00fcr\u00fcd\u00fc, ev sofras\u0131nda iftar a\u00e7t\u0131"},"content":{"rendered":"<p>Ayn\u0131 sofrada orucunu a\u00e7an Ersoy, Ramazan ay\u0131n\u0131n birlik, beraberlik ve dayan\u0131\u015fma ruhuna vurgu yaparak ev sofralar\u0131n\u0131n manevi iklimine dikkat \u00e7ekti.<\/p>\n<p>K\u0131r\u0131kkale\u2019de g\u00fcn boyu s\u00fcren temaslar\u0131n\u0131n ard\u0131ndan ak\u015fam saatlerinde \u00dcrkmez ailesinin evine misafir olan Ersoy, aile fertleriyle birlikte iftar yapt\u0131.<\/p>\n<p>Samimi bir atmosferde ger\u00e7ekle\u015fen bulu\u015fmada aile bireyleriyle sohbet eden Bakan Ersoy\u2019a K\u0131r\u0131kkale Valisi H\u00fcseyin Engin Sar\u0131ibrahim ile AK Parti K\u0131r\u0131kkale Milletvekili Mustafa Kaplan ve AK Parti K\u0131r\u0131kkale \u0130l Ba\u015fkan\u0131 Engin Pehlivanl\u0131 da e\u015flik etti.<\/p>\n<p>\u0130ftar \u00f6ncesinde yapt\u0131\u011f\u0131 de\u011ferlendirmede Ramazan\u2019\u0131n g\u00f6n\u00fcller aras\u0131nda g\u00fc\u00e7l\u00fc ba\u011flar kurdu\u011funu ifade eden Ersoy, ayn\u0131 sofray\u0131 payla\u015fman\u0131n toplumsal kayna\u015fmay\u0131 g\u00fc\u00e7lendirdi\u011fini belirtti.<\/p>\n<p>Aile ortam\u0131nda ger\u00e7ekle\u015fen iftar\u0131n anlam\u0131na i\u015faret eden Ersoy, ev sofralar\u0131n\u0131n Ramazan\u2019\u0131n ruhunu en yal\u0131n haliyle yans\u0131tt\u0131\u011f\u0131n\u0131 s\u00f6yledi.<\/p>\n<p>S\u0131navlara haz\u0131rlanan gen\u00e7 aile bireyiyle de yak\u0131ndan ilgilenen Ersoy, e\u011fitim hayat\u0131na ili\u015fkin g\u00f6r\u00fc\u015flerini payla\u015ft\u0131.<\/p>\n<p>KESK\u0130N\u2019DE VATANDA\u015e VE ESNAFLA BULU\u015eMA<\/p>\n<p>Bakan Ersoy, program\u0131 kapsam\u0131nda Keskin il\u00e7esinde de bir dizi ziyaret ve incelemede bulundu.<\/p>\n<p>\u0130l\u00e7edeki temaslar\u0131na Keskin Belediyesini ziyaret ederek ba\u015flayan Ersoy, Belediye&#8230;<\/p>\n","protected":false},"excerpt":{"rendered":"<p>K\u00fclt\u00fcr ve Turizm Bakan\u0131 Mehmet Nuri Ersoy, K\u0131r\u0131kkale program\u0131 kapsam\u0131nda bir ailenin evinde iftara konuk oldu.<\/p>\n","protected":false},"author":2,"featured_media":2590,"comment_status":"open","ping_status":"open","sticky":false,"template":"","format":"standard","meta":{"footnotes":""},"categories":[8,6,5],"tags":[],"class_list":["post-2591","post","type-post","status-publish","format-standard","has-post-thumbnail","hentry","category-arsiv","category-gundem","category-son-dakika"],"_links":{"self":[{"href":"https:\/\/eskigazeteci.com\/index.php?rest_route=\/wp\/v2\/posts\/2591","targetHints":{"allow":["GET"]}}],"collection":[{"href":"https:\/\/eskigazeteci.com\/index.php?rest_route=\/wp\/v2\/posts"}],"about":[{"href":"https:\/\/eskigazeteci.com\/index.php?rest_route=\/wp\/v2\/types\/post"}],"author":[{"embeddable":true,"href":"https:\/\/eskigazeteci.com\/index.php?rest_route=\/wp\/v2\/users\/2"}],"replies":[{"embeddable":true,"href":"https:\/\/eskigazeteci.com\/index.php?rest_route=%2Fwp%2Fv2%2Fcomments&post=2591"}],"version-history":[{"count":0,"href":"https:\/\/eskigazeteci.com\/index.php?rest_route=\/wp\/v2\/posts\/2591\/revisions"}],"wp:featuredmedia":[{"embeddable":true,"href":"https:\/\/eskigazeteci.com\/index.php?rest_route=\/wp\/v2\/media\/2590"}],"wp:attachment":[{"href":"https:\/\/eskigazeteci.com\/index.php?rest_route=%2Fwp%2Fv2%2Fmedia&parent=2591"}],"wp:term":[{"taxonomy":"category","embeddable":true,"href":"https:\/\/eskigazeteci.com\/index.php?rest_route=%2Fwp%2Fv2%2Fcategories&post=2591"},{"taxonomy":"post_tag","embeddable":true,"href":"https:\/\/eskigazeteci.com\/index.php?rest_route=%2Fwp%2Fv2%2Ftags&post=2591"}],"curies":[{"name":"wp","href":"https:\/\/api.w.org\/{rel}","templated":true}]}}