{"id":2589,"date":"2026-02-20T17:02:24","date_gmt":"2026-02-20T17:02:24","guid":{"rendered":"https:\/\/eskigazeteci.com\/?p=2589"},"modified":"2026-02-20T17:02:24","modified_gmt":"2026-02-20T17:02:24","slug":"canli-anlatim-caykur-rizespor-kocaelispor-super-lig-maci","status":"publish","type":"post","link":"https:\/\/eskigazeteci.com\/?p=2589","title":{"rendered":"Canl\u0131 Anlat\u0131m: \u00c7aykur Rizespor Kocaelispor (S\u00fcper Lig ma\u00e7\u0131)"},"content":{"rendered":"<p>S\u00fcper Lig&#x27;in 23. haftas\u0131nda \u00c7aykur Rizespor ile Kocaelispor kozlar\u0131n\u0131 payla\u015f\u0131yor.<\/p>\n<p>CANLI ANLATIM<\/p>\n<p>\u0130lk yar\u0131 oynan\u0131yor<\/p>\n<p>\u00c7aykur Rizespor : 0<\/p>\n<p>Kocaelispor : 0<\/p>\n<p>Goller<\/p>\n<p>\u0130LK 11&#x27;LER<\/p>\n<p>\u00c7aykur Rizespor : Fofana, Mithat, Samet, Sagnan, Hojer, Taylan, La\u00e7i, Olawoyin, Mihaila, Mebude, Halil.<\/p>\n<p>Kocaelispor : G\u00f6khan, Haidara, Smolcic, Balogh, Ahmet, Show, Linetty, Churlinov, Rivas, Agyei, Petkovic.<\/p>\n<p>R\u0130ZESPOR &#8211; KOCAEL\u0130SPOR MA\u00c7I NE ZAMAN?<\/p>\n<p>\u00c7aykur Didi Stad\u0131&#x27;nda oynanacak m\u00fcsabaka saat, 20.00&#x27;de ba\u015flad\u0131. Rizespor Kocaelispor ma\u00e7\u0131 beIN Sports 1 ekranlar\u0131ndan naklen yay\u0131nlan\u0131yor.<\/p>\n<p>Karadeniz ekibinde sakatl\u0131\u011f\u0131 bulunan Alikulov ve kart cezal\u0131s\u0131 Papanikolaou, bug\u00fcn ma\u00e7ta forma giyemeyecek.<\/p>\n<p>Ye\u015fil-siyahl\u0131 ekipte sakatl\u0131klar\u0131 bulunan Aleksandar Jovanovic, Mateusz Wieteska ve Mahamadou Susoho, yar\u0131nki ma\u00e7ta forma giyemeyecek.<\/p>\n<p>S\u00fcper Lig &#x27;de geride kalan 22 haftada 8 galibiyet, 6 beraberlik ve 8 ma\u011flubiyet alan ye\u015fil-siyahl\u0131 ekip, 30 puanla 7. s\u0131rada bulunuyor.<\/p>\n<p>Ligin geride kalan b\u00f6l\u00fcm\u00fcnde 4 galibiyet, 9 beraberlik ve 9 ma\u011flubiyet ya\u015fayan \u00c7aykur Rizespor ise 21 puanla 13. s\u0131rada yer al\u0131yor.<\/p>\n<p>T\u00fcrkiye&#x27;den ve D\u00fcnya\u2019dan son dakika haberleri, k\u00f6\u015fe yaz\u0131lar\u0131, magazinden siyasete, spordan seyahate b\u00fct\u00fcn konular\u0131n&#8230;<\/p>\n","protected":false},"excerpt":{"rendered":"<p>\u00c7aykur Rizespor, S\u00fcper Lig&#8217;in 23. haftas\u0131nda Kocaelispor&#8217;u konuk ediyor. Bu m\u00fccadeleyi haberimizden anbean takip edebilirsiniz.<\/p>\n","protected":false},"author":2,"featured_media":2588,"comment_status":"open","ping_status":"open","sticky":false,"template":"","format":"standard","meta":{"footnotes":""},"categories":[8,5,7],"tags":[],"class_list":["post-2589","post","type-post","status-publish","format-standard","has-post-thumbnail","hentry","category-arsiv","category-son-dakika","category-spor"],"_links":{"self":[{"href":"https:\/\/eskigazeteci.com\/index.php?rest_route=\/wp\/v2\/posts\/2589","targetHints":{"allow":["GET"]}}],"collection":[{"href":"https:\/\/eskigazeteci.com\/index.php?rest_route=\/wp\/v2\/posts"}],"about":[{"href":"https:\/\/eskigazeteci.com\/index.php?rest_route=\/wp\/v2\/types\/post"}],"author":[{"embeddable":true,"href":"https:\/\/eskigazeteci.com\/index.php?rest_route=\/wp\/v2\/users\/2"}],"replies":[{"embeddable":true,"href":"https:\/\/eskigazeteci.com\/index.php?rest_route=%2Fwp%2Fv2%2Fcomments&post=2589"}],"version-history":[{"count":0,"href":"https:\/\/eskigazeteci.com\/index.php?rest_route=\/wp\/v2\/posts\/2589\/revisions"}],"wp:featuredmedia":[{"embeddable":true,"href":"https:\/\/eskigazeteci.com\/index.php?rest_route=\/wp\/v2\/media\/2588"}],"wp:attachment":[{"href":"https:\/\/eskigazeteci.com\/index.php?rest_route=%2Fwp%2Fv2%2Fmedia&parent=2589"}],"wp:term":[{"taxonomy":"category","embeddable":true,"href":"https:\/\/eskigazeteci.com\/index.php?rest_route=%2Fwp%2Fv2%2Fcategories&post=2589"},{"taxonomy":"post_tag","embeddable":true,"href":"https:\/\/eskigazeteci.com\/index.php?rest_route=%2Fwp%2Fv2%2Ftags&post=2589"}],"curies":[{"name":"wp","href":"https:\/\/api.w.org\/{rel}","templated":true}]}}