{"id":2585,"date":"2026-02-20T16:42:26","date_gmt":"2026-02-20T16:42:26","guid":{"rendered":"https:\/\/eskigazeteci.com\/?p=2585"},"modified":"2026-02-20T16:42:26","modified_gmt":"2026-02-20T16:42:26","slug":"cumhurbaskani-erdogan-askon-yonetim-kurulu-uyelerini-kabul-etti","status":"publish","type":"post","link":"https:\/\/eskigazeteci.com\/?p=2585","title":{"rendered":"Cumhurba\u015fkan\u0131 Erdo\u011fan, ASKON Y\u00f6netim Kurulu \u00fcyelerini kabul etti"},"content":{"rendered":"<p>Cumhurba\u015fkan\u0131 Recep Tayyip Erdo\u011fan, Anadolu Aslanlar\u0131 \u0130\u015f Adamlar\u0131 Derne\u011fi ( ASKON ) Y\u00f6netim Kurulu \u00fcyelerini kabul etti.<\/p>\n<p>Kabul Cumhurba\u015fkanl\u0131\u011f\u0131 Dolmabah\u00e7e \u00c7al\u0131\u015fma Ofisi&#x27;nde, bas\u0131na kapal\u0131 olarak ger\u00e7ekle\u015ftirildi.<\/p>\n<p>T\u00fcrkiye g\u00fcndeminden son dakika haberleri, bug\u00fcn ya\u015fanan en son geli\u015fmeler, siyaset g\u00fcndeminden g\u00fcncel haberler ve b\u00fct\u00fcn son dakika haberleri i\u00e7in H\u00fcrriyet&#x27;in internet haber sitesi hurriyet.com.tr; Hurriyet.com.tr haber i\u00e7erikleri kaynak g\u00f6sterilmeden al\u0131nt\u0131 yap\u0131lamaz, Kanuna ayk\u0131r\u0131 ve izinsiz olarak kopyalanamaz, ba\u015fka yerde yay\u0131nlanamaz.<\/p>\n","protected":false},"excerpt":{"rendered":"<p>Cumhurba\u015fkan\u0131 Erdo\u011fan, Anadolu Aslanlar\u0131 \u0130\u015f Adamlar\u0131 Derne\u011fi Y\u00f6netim Kurulu \u00fcyelerini kabul etti.<\/p>\n","protected":false},"author":2,"featured_media":2584,"comment_status":"open","ping_status":"open","sticky":false,"template":"","format":"standard","meta":{"footnotes":""},"categories":[8,6,5],"tags":[],"class_list":["post-2585","post","type-post","status-publish","format-standard","has-post-thumbnail","hentry","category-arsiv","category-gundem","category-son-dakika"],"_links":{"self":[{"href":"https:\/\/eskigazeteci.com\/index.php?rest_route=\/wp\/v2\/posts\/2585","targetHints":{"allow":["GET"]}}],"collection":[{"href":"https:\/\/eskigazeteci.com\/index.php?rest_route=\/wp\/v2\/posts"}],"about":[{"href":"https:\/\/eskigazeteci.com\/index.php?rest_route=\/wp\/v2\/types\/post"}],"author":[{"embeddable":true,"href":"https:\/\/eskigazeteci.com\/index.php?rest_route=\/wp\/v2\/users\/2"}],"replies":[{"embeddable":true,"href":"https:\/\/eskigazeteci.com\/index.php?rest_route=%2Fwp%2Fv2%2Fcomments&post=2585"}],"version-history":[{"count":0,"href":"https:\/\/eskigazeteci.com\/index.php?rest_route=\/wp\/v2\/posts\/2585\/revisions"}],"wp:featuredmedia":[{"embeddable":true,"href":"https:\/\/eskigazeteci.com\/index.php?rest_route=\/wp\/v2\/media\/2584"}],"wp:attachment":[{"href":"https:\/\/eskigazeteci.com\/index.php?rest_route=%2Fwp%2Fv2%2Fmedia&parent=2585"}],"wp:term":[{"taxonomy":"category","embeddable":true,"href":"https:\/\/eskigazeteci.com\/index.php?rest_route=%2Fwp%2Fv2%2Fcategories&post=2585"},{"taxonomy":"post_tag","embeddable":true,"href":"https:\/\/eskigazeteci.com\/index.php?rest_route=%2Fwp%2Fv2%2Ftags&post=2585"}],"curies":[{"name":"wp","href":"https:\/\/api.w.org\/{rel}","templated":true}]}}