{"id":2583,"date":"2026-02-20T16:40:52","date_gmt":"2026-02-20T16:40:52","guid":{"rendered":"https:\/\/eskigazeteci.com\/?p=2583"},"modified":"2026-02-20T16:40:52","modified_gmt":"2026-02-20T16:40:52","slug":"teravih-namazi-kilinisi-ve-anlatimi-diyanet-aciklamasi","status":"publish","type":"post","link":"https:\/\/eskigazeteci.com\/?p=2583","title":{"rendered":"TERAV\u0130H NAMAZI KILINI\u015eI VE ANLATIMI (D\u0130YANET A\u00c7IKLAMASI)"},"content":{"rendered":"<p>\u0130ftar ve Sahur vakitlerini H\u00fcrriyet uygulamas\u0131 ile takip edin!<\/p>\n<p>H\u00fcrriyet App<\/p>\n<p>Web<\/p>\n<p>Teravih namaz\u0131 nas\u0131l k\u0131l\u0131n\u0131r, ka\u00e7 rekat? sorusu m\u00fcbarek Kadir Gecesi&#x27;nde \u00f6ne \u00e7\u0131kan konulardan oldu. Cemaatle (camide) ve evde teravih namaz\u0131 k\u0131l\u0131n\u0131\u015f\u0131, bu gece ibadetlerini idrak eden M\u00fcsl\u00fcmanlar\u0131n g\u00fcndemde yer al\u0131yor. On bir ay\u0131n sultan\u0131 Ramazan ay\u0131nda oru\u00e7 ve di\u011fer ibadetler idrak ediliyor. Diyanet teravih namaz\u0131 k\u0131l\u0131n\u0131\u015f\u0131 ad\u0131m ad\u0131m anlat\u0131m\u0131 ile vatanda\u015flar bu gece ibadetlerini yerine getirecek. Evde ve camide teravih namaz\u0131n\u0131 k\u0131lacak vatanda\u015flar, Diyanet bilgisi ile &#x27;Teravih namaz\u0131 nas\u0131l k\u0131l\u0131n\u0131r, ka\u00e7 rekat sorusunun yan\u0131t\u0131na odakland\u0131. Ter\u00e2v\u00eeh namaz\u0131 Ramazan ay\u0131nda, yats\u0131 namaz\u0131ndan sonra sabah namaz\u0131 vaktine (fecrin do\u011fu\u015funa) kadar k\u0131l\u0131nabilen nafile namazd\u0131r. Yats\u0131 namaz\u0131ndan sonra k\u0131l\u0131nan teravih namaz\u0131 iki rek\u00e2tta bir ya da d\u00f6rt rek\u00e2tta bir selam verilerek toplamda yirmi rek\u00e2t olarak k\u0131l\u0131n\u0131yor. Peki camide ve evde teravih namaz\u0131 nas\u0131l k\u0131l\u0131n\u0131r, ka\u00e7 rekat? Teravih namaz\u0131nda hangi dualar ve sureler okunur? \u0130\u015fte ad\u0131m ad\u0131m 20 rekat teravih namaz\u0131 k\u0131l\u0131n\u0131\u015f\u0131&#8230;<\/p>\n<p>Ter\u00e2v\u00eeh namaz\u0131 Ramazan ay\u0131nda, yats\u0131 namaz\u0131ndan sonra sabah namaz\u0131 vaktine (fecrin do\u011fu\u015funa) kadar k\u0131l\u0131nabilen n\u00e2file namaz\u0131n ismidir.Hadisi&#8230;<\/p>\n","protected":false},"excerpt":{"rendered":"<p>Teravih namaz\u0131 k\u0131l\u0131n\u0131\u015f\u0131 ve okunacak dualar ile sureler ara\u015ft\u0131r\u0131l\u0131yor. Evde ve camide teravih namaz\u0131n\u0131 k\u0131lacak vatanda\u015flar Diyanet bilgisine odakland\u0131&#8230;.<\/p>\n","protected":false},"author":2,"featured_media":2582,"comment_status":"open","ping_status":"open","sticky":false,"template":"","format":"standard","meta":{"footnotes":""},"categories":[8,6,5],"tags":[],"class_list":["post-2583","post","type-post","status-publish","format-standard","has-post-thumbnail","hentry","category-arsiv","category-gundem","category-son-dakika"],"_links":{"self":[{"href":"https:\/\/eskigazeteci.com\/index.php?rest_route=\/wp\/v2\/posts\/2583","targetHints":{"allow":["GET"]}}],"collection":[{"href":"https:\/\/eskigazeteci.com\/index.php?rest_route=\/wp\/v2\/posts"}],"about":[{"href":"https:\/\/eskigazeteci.com\/index.php?rest_route=\/wp\/v2\/types\/post"}],"author":[{"embeddable":true,"href":"https:\/\/eskigazeteci.com\/index.php?rest_route=\/wp\/v2\/users\/2"}],"replies":[{"embeddable":true,"href":"https:\/\/eskigazeteci.com\/index.php?rest_route=%2Fwp%2Fv2%2Fcomments&post=2583"}],"version-history":[{"count":0,"href":"https:\/\/eskigazeteci.com\/index.php?rest_route=\/wp\/v2\/posts\/2583\/revisions"}],"wp:featuredmedia":[{"embeddable":true,"href":"https:\/\/eskigazeteci.com\/index.php?rest_route=\/wp\/v2\/media\/2582"}],"wp:attachment":[{"href":"https:\/\/eskigazeteci.com\/index.php?rest_route=%2Fwp%2Fv2%2Fmedia&parent=2583"}],"wp:term":[{"taxonomy":"category","embeddable":true,"href":"https:\/\/eskigazeteci.com\/index.php?rest_route=%2Fwp%2Fv2%2Fcategories&post=2583"},{"taxonomy":"post_tag","embeddable":true,"href":"https:\/\/eskigazeteci.com\/index.php?rest_route=%2Fwp%2Fv2%2Ftags&post=2583"}],"curies":[{"name":"wp","href":"https:\/\/api.w.org\/{rel}","templated":true}]}}