{"id":258,"date":"2026-02-09T10:03:33","date_gmt":"2026-02-09T10:03:33","guid":{"rendered":"https:\/\/eskigazeteci.com\/?p=258"},"modified":"2026-02-09T10:03:33","modified_gmt":"2026-02-09T10:03:33","slug":"haber-104","status":"publish","type":"post","link":"https:\/\/eskigazeteci.com\/?p=258","title":{"rendered":"Haber"},"content":{"rendered":"<p>\u0130stanbul Emniyet M\u00fcd\u00fcrl\u00fc\u011f\u00fc Trafik Denetleme \u015eube M\u00fcd\u00fcrl\u00fc\u011f\u00fc ekipleri, baz\u0131 sanal medya platformlar\u0131nda payla\u015f\u0131lan g\u00f6r\u00fcnt\u00fcler \u00fczerine \u00e7al\u0131\u015fma ba\u015flatt\u0131.<\/p>\n<p>TRAF\u0130\u011e\u0130 TEHL\u0130YE D\u00dc\u015e\u00dcRD\u00dcLER<\/p>\n<p>Yap\u0131lan incelemelerde, 7 \u015eubat&#x27;ta gece saatlerinde Bah\u00e7elievler D-100 Karayolu Yenibosna mevkiinde iki s\u00fcr\u00fcc\u00fcn\u00fcn makas atarak ilerledi\u011fi ve trafik g\u00fcvenli\u011fini tehlikeye d\u00fc\u015f\u00fcrd\u00fc\u011f\u00fc tespit edildi.<\/p>\n<p>ERTES\u0130 G\u00dcN KISKIVRAK YAKALANDILAR<\/p>\n<p>Plaka bilgilerinden kimlikleri belirlenen s\u00fcr\u00fcc\u00fcler E.A. (23) ile O.B.F. (25), 8 \u015eubat&#x27;ta polis ekiplerince yakaland\u0131. S\u00fcr\u00fcc\u00fclere, 2918 say\u0131l\u0131 Karayollar\u0131 Trafik Kanunu&#x27;nun &#x27; makas atmak&#x27;, &#x27;yak\u0131n takip&#x27; ve &#x27;sayg\u0131s\u0131z ara\u00e7 kullanmak&#x27; maddelerinden toplam 14 bin 121 lira ceza yaz\u0131ld\u0131. \u00d6te yandan, \u015f\u00fcpheli s\u00fcr\u00fcc\u00fcler hakk\u0131nda &#x27;Trafik G\u00fcvenli\u011fini Tehlikeye D\u00fc\u015f\u00fcrmek&#x27; su\u00e7undan adli i\u015flem ba\u015flat\u0131ld\u0131\u011f\u0131 \u00f6\u011frenildi.<\/p>\n<p>T\u00fcrkiye g\u00fcndeminden son dakika haberleri, bug\u00fcn ya\u015fanan en son geli\u015fmeler, siyaset g\u00fcndeminden g\u00fcncel haberler ve b\u00fct\u00fcn son dakika haberleri i\u00e7in H\u00fcrriyet&#x27;in internet haber sitesi hurriyet.com.tr; Hurriyet.com.tr haber i\u00e7erikleri kaynak g\u00f6sterilmeden al\u0131nt\u0131 yap\u0131lamaz, Kanuna ayk\u0131r\u0131 ve izinsiz olarak kopyalanamaz, ba\u015fka yerde yay\u0131nlanamaz.<\/p>\n","protected":false},"excerpt":{"rendered":"<p>Bah\u00e7elievler&#8217;de makas atarak trafik g\u00fcvenli\u011fini tehlikeye d\u00fc\u015f\u00fcren 2 s\u00fcr\u00fcc\u00fc, g\u00f6r\u00fcnt\u00fclerin sanal medyada payla\u015f\u0131lmas\u0131n\u0131n ard\u0131ndan polis ekiplerince yakaland\u0131&#8230;.<\/p>\n","protected":false},"author":2,"featured_media":257,"comment_status":"open","ping_status":"open","sticky":false,"template":"","format":"standard","meta":{"footnotes":""},"categories":[8,3],"tags":[],"class_list":["post-258","post","type-post","status-publish","format-standard","has-post-thumbnail","hentry","category-arsiv","category-siyaset"],"_links":{"self":[{"href":"https:\/\/eskigazeteci.com\/index.php?rest_route=\/wp\/v2\/posts\/258","targetHints":{"allow":["GET"]}}],"collection":[{"href":"https:\/\/eskigazeteci.com\/index.php?rest_route=\/wp\/v2\/posts"}],"about":[{"href":"https:\/\/eskigazeteci.com\/index.php?rest_route=\/wp\/v2\/types\/post"}],"author":[{"embeddable":true,"href":"https:\/\/eskigazeteci.com\/index.php?rest_route=\/wp\/v2\/users\/2"}],"replies":[{"embeddable":true,"href":"https:\/\/eskigazeteci.com\/index.php?rest_route=%2Fwp%2Fv2%2Fcomments&post=258"}],"version-history":[{"count":0,"href":"https:\/\/eskigazeteci.com\/index.php?rest_route=\/wp\/v2\/posts\/258\/revisions"}],"wp:featuredmedia":[{"embeddable":true,"href":"https:\/\/eskigazeteci.com\/index.php?rest_route=\/wp\/v2\/media\/257"}],"wp:attachment":[{"href":"https:\/\/eskigazeteci.com\/index.php?rest_route=%2Fwp%2Fv2%2Fmedia&parent=258"}],"wp:term":[{"taxonomy":"category","embeddable":true,"href":"https:\/\/eskigazeteci.com\/index.php?rest_route=%2Fwp%2Fv2%2Fcategories&post=258"},{"taxonomy":"post_tag","embeddable":true,"href":"https:\/\/eskigazeteci.com\/index.php?rest_route=%2Fwp%2Fv2%2Ftags&post=258"}],"curies":[{"name":"wp","href":"https:\/\/api.w.org\/{rel}","templated":true}]}}