{"id":2577,"date":"2026-02-20T16:13:54","date_gmt":"2026-02-20T16:13:54","guid":{"rendered":"https:\/\/eskigazeteci.com\/?p=2577"},"modified":"2026-02-20T16:13:54","modified_gmt":"2026-02-20T16:13:54","slug":"cumhurbaskani-yardimcisi-cevdet-yilmaz-kanal-dde-bir-ramazan-aksami-programina-konuk-oldu-ramazan-toplum-icin-arinma-ayidir","status":"publish","type":"post","link":"https:\/\/eskigazeteci.com\/?p=2577","title":{"rendered":"Cumhurba\u015fkan\u0131 Yard\u0131mc\u0131s\u0131 Cevdet Y\u0131lmaz, Kanal D\u2019de \u201cBir Ramazan Ak\u015fam\u0131\u201d program\u0131na konuk oldu: Ramazan, toplum i\u00e7in \u2018ar\u0131nma&#8217; ay\u0131d\u0131r"},"content":{"rendered":"<p>Kanal D\u2019de Serdar Er\u2019in sunumuyla ramazan boyunca her g\u00fcn iftar saatinde Cumhurba\u015fkanl\u0131\u011f\u0131 K\u00fclliyesi\u2019nden canl\u0131 yay\u0131nlanan \u201cBir Ramazan Ak\u015fam\u0131\u201d program\u0131 izleyiciyle bulu\u015fmaya devam ediyor. Program\u0131n bug\u00fcnk\u00fc konu\u011fu Cumhurba\u015fkan\u0131 Yard\u0131mc\u0131s\u0131 Cevdet Y\u0131lmaz oldu. Programda, ramazan\u0131n manevi ve toplumsal y\u00f6n\u00fcn\u00fcn yan\u0131 s\u0131ra \u201cK\u00fclliye\u2019de Ramazan\u201d etkinlikleri konu\u015fuldu.<\/p>\n<p>&#x27;ARINMA AYI OLARAK N\u0130TELEND\u0130REB\u0130L\u0130R\u0130Z&#x27;<\/p>\n<p>Cumhurba\u015fkan\u0131 Yard\u0131mc\u0131s\u0131 Y\u0131lmaz canl\u0131 yay\u0131nda \u015funlar\u0131 payla\u015ft\u0131: Ramazan ay\u0131n\u0131, toplumumuz i\u00e7in adeta bir ar\u0131nma ay\u0131 olarak nitelendirebiliriz. On bir ay boyunca biriken stresler, sorunlar ve meseleler; modern bir tabirle s\u00f6ylersek bir t\u00fcr \u201cdetoks\u201d s\u00fcrecine giriyor. \u0130nsanlar ve toplumlar bir \u015fekilde ar\u0131n\u0131yor. Zaman\u0131 biraz yava\u015flatarak, i\u00e7 d\u00fcnyam\u0131za d\u00f6nerek, aram\u0131zdaki ili\u015fkilere odaklanarak d\u00fcnyaya yeniden bakmaya ba\u015fl\u0131yoruz.<\/p>\n<p>Ben \u015funu da d\u00fc\u015f\u00fcn\u00fcyorum: Ramazan, al\u0131\u015fkanl\u0131klar\u0131 k\u0131ran bir ay. \u0130nsan\u0131 al\u0131\u015f\u0131lagelmi\u015f d\u00fczenin d\u0131\u015f\u0131na \u00e7\u0131karan, d\u00fcnyaya farkl\u0131 bir pencereden bakmas\u0131n\u0131 sa\u011flayan bir d\u00f6nem. Normal zamanda bir rutinimiz var: sabah kahvalt\u0131, \u00f6\u011fle yeme\u011fi, su i\u00e7me\u2026 Ama Ramazan\u2019da bamba\u015fka bir d\u00fczene ge\u00e7iyoruz. Al\u0131\u015fkanl\u0131klar\u0131m\u0131z\u0131 k\u0131r\u0131yoruz. Bu da insana, ba\u015fka al\u0131\u015fkanl\u0131klar\u0131 k\u0131rma konusunda&#8230;<\/p>\n","protected":false},"excerpt":{"rendered":"<p>Ramazan-\u0131 \u015eerif\u2019in manevi atmosferi \u201cBir Ramazan Ak\u015fam\u0131\u201d ile Kanal D ekranlar\u0131nda ya\u015fanmaya devam ediyor. Cumhurba\u015fkanl\u0131\u011f\u0131 K\u00fclliyesi Be\u015ftepe Millet Camii&#8230;<\/p>\n","protected":false},"author":2,"featured_media":2576,"comment_status":"open","ping_status":"open","sticky":false,"template":"","format":"standard","meta":{"footnotes":""},"categories":[8,6,5],"tags":[],"class_list":["post-2577","post","type-post","status-publish","format-standard","has-post-thumbnail","hentry","category-arsiv","category-gundem","category-son-dakika"],"_links":{"self":[{"href":"https:\/\/eskigazeteci.com\/index.php?rest_route=\/wp\/v2\/posts\/2577","targetHints":{"allow":["GET"]}}],"collection":[{"href":"https:\/\/eskigazeteci.com\/index.php?rest_route=\/wp\/v2\/posts"}],"about":[{"href":"https:\/\/eskigazeteci.com\/index.php?rest_route=\/wp\/v2\/types\/post"}],"author":[{"embeddable":true,"href":"https:\/\/eskigazeteci.com\/index.php?rest_route=\/wp\/v2\/users\/2"}],"replies":[{"embeddable":true,"href":"https:\/\/eskigazeteci.com\/index.php?rest_route=%2Fwp%2Fv2%2Fcomments&post=2577"}],"version-history":[{"count":0,"href":"https:\/\/eskigazeteci.com\/index.php?rest_route=\/wp\/v2\/posts\/2577\/revisions"}],"wp:featuredmedia":[{"embeddable":true,"href":"https:\/\/eskigazeteci.com\/index.php?rest_route=\/wp\/v2\/media\/2576"}],"wp:attachment":[{"href":"https:\/\/eskigazeteci.com\/index.php?rest_route=%2Fwp%2Fv2%2Fmedia&parent=2577"}],"wp:term":[{"taxonomy":"category","embeddable":true,"href":"https:\/\/eskigazeteci.com\/index.php?rest_route=%2Fwp%2Fv2%2Fcategories&post=2577"},{"taxonomy":"post_tag","embeddable":true,"href":"https:\/\/eskigazeteci.com\/index.php?rest_route=%2Fwp%2Fv2%2Ftags&post=2577"}],"curies":[{"name":"wp","href":"https:\/\/api.w.org\/{rel}","templated":true}]}}