{"id":2575,"date":"2026-02-20T16:12:22","date_gmt":"2026-02-20T16:12:22","guid":{"rendered":"https:\/\/eskigazeteci.com\/?p=2575"},"modified":"2026-02-20T16:12:22","modified_gmt":"2026-02-20T16:12:22","slug":"luciano-spallettiden-gunler-sonra-gelen-itiraf-galatasaray-macindaki-aciyi-kullanmaliyiz","status":"publish","type":"post","link":"https:\/\/eskigazeteci.com\/?p=2575","title":{"rendered":"Luciano Spalletti&#8217;den g\u00fcnler sonra gelen itiraf: &#8216;Galatasaray ma\u00e7\u0131ndaki ac\u0131y\u0131 kullanmal\u0131y\u0131z&#8217;"},"content":{"rendered":"<p>\u015eampiyonlar Ligi play-off turunda Galatasaray &#x27;a 5-2 kaybeden Juventus&#x27;ta yenilginin yank\u0131lar\u0131 devam ediyor.<\/p>\n<p>Sar\u0131-k\u0131rm\u0131z\u0131l\u0131lar, Juventus ile sahas\u0131nda yapt\u0131\u011f\u0131 4. ma\u00e7\u0131 da kaybetmedi.<\/p>\n<p>\u0130lk olarak 16 Eyl\u00fcl 1998&#x27;de \u0130talya&#x27;da oynanan ve 2-2 sona eren \u015eampiyonlar Ligi B Grubu ilk hafta ma\u00e7\u0131nda kar\u015f\u0131 kar\u015f\u0131ya gelen iki tak\u0131m, 7. randevular\u0131na \u00e7\u0131kt\u0131.<\/p>\n<p>Galatasaray, bu m\u00fcsabakalarda 3 galibiyet, 3 beraberlik ve 1 ma\u011flubiyet ya\u015fad\u0131. \u0130talyan temsilcisini 4. kez konuk eden sar\u0131-k\u0131rm\u0131z\u0131l\u0131lar, \u00fcst \u00fcste 3. galibiyetini ald\u0131. Galatasaray&#x27;\u0131n \u0130stanbul&#x27;da Juventus ile yapt\u0131\u011f\u0131 ilk ma\u00e7 1-1 beraberlikle sonu\u00e7lanm\u0131\u015ft\u0131.<\/p>\n<p>SPALLETTI \u0130LE \u0130LK YEN\u0130LG\u0130Y\u0130 ALMI\u015eTI<\/p>\n<p>Juventus Teknik Direkt\u00f6r\u00fc Luciano Spalletti, tak\u0131m\u0131n ba\u015f\u0131na ge\u00e7ti\u011finden beri \u015eampiyonlar Ligi&#x27;ndeki ilk yenilgisini ya\u015fam\u0131\u015ft\u0131.<\/p>\n<p>Sezon ortas\u0131nda Igor Tudor&#x27;un yerine g\u00f6reve gelen Spalletti, tak\u0131m\u0131n ba\u015f\u0131nda \u00e7\u0131kt\u0131\u011f\u0131 ilk \u015eampiyonlar Ligi ma\u00e7\u0131nda konuk oldu\u011fu Sporting ile 1-1 berabere kald\u0131. Sonras\u0131nda s\u0131ras\u0131yla Norve\u00e7 temsilcisi Bodo\/Glimt&#x27;i deplasmanda 3-2 yenen Spaletti&#x27;nin \u00f6\u011frencileri, i\u00e7 sahada da Pafos ve Benfica&#x27;y\u0131 2-0 yenmi\u015fti.<\/p>\n<p>Spalletti&#x27;nin y\u00f6netiminde son haftada Monaco ile deplasmanda 0-0 berabere kalan Juventus, Galatasaray ma\u00e7\u0131na kadarki&#8230;<\/p>\n","protected":false},"excerpt":{"rendered":"<p>Juventus Teknik Direkt\u00f6r\u00fc Luciano Spalletti, Como ma\u00e7\u0131 \u00f6ncesinde d\u00fczenledi\u011fi bas\u0131n toplant\u0131s\u0131nda Galatasaray kar\u015f\u0131la\u015fmas\u0131na dikkat \u00e7ekti ve \u00f6nemli&#8230;<\/p>\n","protected":false},"author":2,"featured_media":2574,"comment_status":"open","ping_status":"open","sticky":false,"template":"","format":"standard","meta":{"footnotes":""},"categories":[8,5,7],"tags":[],"class_list":["post-2575","post","type-post","status-publish","format-standard","has-post-thumbnail","hentry","category-arsiv","category-son-dakika","category-spor"],"_links":{"self":[{"href":"https:\/\/eskigazeteci.com\/index.php?rest_route=\/wp\/v2\/posts\/2575","targetHints":{"allow":["GET"]}}],"collection":[{"href":"https:\/\/eskigazeteci.com\/index.php?rest_route=\/wp\/v2\/posts"}],"about":[{"href":"https:\/\/eskigazeteci.com\/index.php?rest_route=\/wp\/v2\/types\/post"}],"author":[{"embeddable":true,"href":"https:\/\/eskigazeteci.com\/index.php?rest_route=\/wp\/v2\/users\/2"}],"replies":[{"embeddable":true,"href":"https:\/\/eskigazeteci.com\/index.php?rest_route=%2Fwp%2Fv2%2Fcomments&post=2575"}],"version-history":[{"count":0,"href":"https:\/\/eskigazeteci.com\/index.php?rest_route=\/wp\/v2\/posts\/2575\/revisions"}],"wp:featuredmedia":[{"embeddable":true,"href":"https:\/\/eskigazeteci.com\/index.php?rest_route=\/wp\/v2\/media\/2574"}],"wp:attachment":[{"href":"https:\/\/eskigazeteci.com\/index.php?rest_route=%2Fwp%2Fv2%2Fmedia&parent=2575"}],"wp:term":[{"taxonomy":"category","embeddable":true,"href":"https:\/\/eskigazeteci.com\/index.php?rest_route=%2Fwp%2Fv2%2Fcategories&post=2575"},{"taxonomy":"post_tag","embeddable":true,"href":"https:\/\/eskigazeteci.com\/index.php?rest_route=%2Fwp%2Fv2%2Ftags&post=2575"}],"curies":[{"name":"wp","href":"https:\/\/api.w.org\/{rel}","templated":true}]}}