{"id":2573,"date":"2026-02-20T16:10:51","date_gmt":"2026-02-20T16:10:51","guid":{"rendered":"https:\/\/eskigazeteci.com\/?p=2573"},"modified":"2026-02-20T16:10:51","modified_gmt":"2026-02-20T16:10:51","slug":"edirne-sahur-ve-iftar-saati-ramazan-imsakiyesi-2026","status":"publish","type":"post","link":"https:\/\/eskigazeteci.com\/?p=2573","title":{"rendered":"ED\u0130RNE SAHUR VE \u0130FTAR SAAT\u0130 RAMAZAN \u0130MSAK\u0130YES\u0130 2026"},"content":{"rendered":"<p>\u0130ftar ve Sahur vakitlerini H\u00fcrriyet uygulamas\u0131 ile takip edin!<\/p>\n<p>H\u00fcrriyet App<\/p>\n<p>Web<\/p>\n<p>Ramazan \u0130msakiyesi 2026 ile Edirne sahur saati, imsak vakti ve iftar saati vatanda\u015flar taraf\u0131ndan takip ediliyor. Rahmet, bereket ve ma\u011ffiret mevsimi Ramazan ay\u0131 bu sene Diyanet \u0130\u015fleri Ba\u015fkanl\u0131\u011f\u0131&#x27;n\u0131n takvimine g\u00f6re 19 \u015eubat&#x27;ta ba\u015flad\u0131. \u0130slam aleminde heyecanla beklenen ramazan\u0131n gelmesiyle beraber, Edirne ve t\u00fcm illerde sahur saati Ramazan imsakiyesi ekran\u0131na g\u00f6zler \u00e7evrildi. Sahuru, orucu, iftar\u0131, teravihi ve mukabelesiyle say\u0131s\u0131z g\u00fczellik katan Ramazan ay\u0131, bu sene de ibadetler ile ge\u00e7ecek. Diyanet \u0130\u015fleri Ba\u015fkanl\u0131\u011f\u0131&#x27;n\u0131n ramazana y\u00f6nelik bilgilendirmelerinin yer ald\u0131\u011f\u0131 internet sayfas\u0131nda yer alan &#x27;2026 Ramazan \u0130msakiyesi&#x27; b\u00f6l\u00fcm\u00fcnden, Edirne sahur ve iftar vakti g\u00f6r\u00fcnt\u00fclenebilecek. \u0130msak vakti sonras\u0131 niyet edecek olan vatanda\u015flar, t\u00fcm g\u00fcn\u00fc oru\u00e7lu ge\u00e7irdikten sonra Edirne iftar saati ka\u00e7ta, ne kadar kald\u0131 sorusuna yan\u0131t arayacaklar. Peki, Edirne&#x27;de sahur saat ka\u00e7ta? Edirne sahur vakti ezan ne zaman okunacak, iftar ne zaman? \u0130\u015fte, 2026 Diyanet Edirne \u0130msakiyesi ile iftar vakti, sahur saati ve imsak vakitleri 2026 bilgisi.<\/p>\n<p>G\u00fcn Tarih \u0130msak (Sahur) G\u00fcne\u015f \u00d6\u011fle \u0130kindi Ak\u015fam (\u0130ftar) Yats\u0131 (Teravih) 1&#8230;<\/p>\n","protected":false},"excerpt":{"rendered":"<p>Edirne iftar ve sahur saati 2026 Ramazan \u0130msakiyesi ile belli oldu. M\u00fcbarek Ramazan ay\u0131nda oruca niyet edecek olan M\u00fcsl\u00fcmanlar Edirne sahur vakti, imsak&#8230;<\/p>\n","protected":false},"author":2,"featured_media":2572,"comment_status":"open","ping_status":"open","sticky":false,"template":"","format":"standard","meta":{"footnotes":""},"categories":[8,6,5],"tags":[],"class_list":["post-2573","post","type-post","status-publish","format-standard","has-post-thumbnail","hentry","category-arsiv","category-gundem","category-son-dakika"],"_links":{"self":[{"href":"https:\/\/eskigazeteci.com\/index.php?rest_route=\/wp\/v2\/posts\/2573","targetHints":{"allow":["GET"]}}],"collection":[{"href":"https:\/\/eskigazeteci.com\/index.php?rest_route=\/wp\/v2\/posts"}],"about":[{"href":"https:\/\/eskigazeteci.com\/index.php?rest_route=\/wp\/v2\/types\/post"}],"author":[{"embeddable":true,"href":"https:\/\/eskigazeteci.com\/index.php?rest_route=\/wp\/v2\/users\/2"}],"replies":[{"embeddable":true,"href":"https:\/\/eskigazeteci.com\/index.php?rest_route=%2Fwp%2Fv2%2Fcomments&post=2573"}],"version-history":[{"count":0,"href":"https:\/\/eskigazeteci.com\/index.php?rest_route=\/wp\/v2\/posts\/2573\/revisions"}],"wp:featuredmedia":[{"embeddable":true,"href":"https:\/\/eskigazeteci.com\/index.php?rest_route=\/wp\/v2\/media\/2572"}],"wp:attachment":[{"href":"https:\/\/eskigazeteci.com\/index.php?rest_route=%2Fwp%2Fv2%2Fmedia&parent=2573"}],"wp:term":[{"taxonomy":"category","embeddable":true,"href":"https:\/\/eskigazeteci.com\/index.php?rest_route=%2Fwp%2Fv2%2Fcategories&post=2573"},{"taxonomy":"post_tag","embeddable":true,"href":"https:\/\/eskigazeteci.com\/index.php?rest_route=%2Fwp%2Fv2%2Ftags&post=2573"}],"curies":[{"name":"wp","href":"https:\/\/api.w.org\/{rel}","templated":true}]}}