{"id":2571,"date":"2026-02-20T15:43:54","date_gmt":"2026-02-20T15:43:54","guid":{"rendered":"https:\/\/eskigazeteci.com\/?p=2571"},"modified":"2026-02-20T15:43:54","modified_gmt":"2026-02-20T15:43:54","slug":"ak-parti-genel-baskan-yardimcisi-ali-ihsan-yavuz-secim-2028de-gundemimizde-erken-secim-yok","status":"publish","type":"post","link":"https:\/\/eskigazeteci.com\/?p=2571","title":{"rendered":"AK Parti Genel Ba\u015fkan Yard\u0131mc\u0131s\u0131 Ali \u0130hsan Yavuz: Se\u00e7im 2028&#8217;de, g\u00fcndemimizde erken se\u00e7im yok"},"content":{"rendered":"<p>AK Parti Genel Ba\u015fkan Yard\u0131mc\u0131s\u0131 Ali \u0130hsan Yavuz, Kilis \u2019te AK Parti \u0130l Ba\u015fkanl\u0131\u011f\u0131&#x27;nda deprem s\u00fcreci ve g\u00fcndeme ili\u015fkin a\u00e7\u0131klamalarda bulundu. 1999 Marmara Depremi&#x27;ni Sakarya&#x27;da ya\u015fad\u0131\u011f\u0131n\u0131 hat\u0131rlatan Yavuz, o d\u00f6nemde \u00e7ad\u0131ra ula\u015fman\u0131n dahi zor oldu\u011funu belirterek, hasarl\u0131 binalar\u0131n y\u0131llarca sorun olarak kald\u0131\u011f\u0131n\u0131 ifade etti. 6 \u015eubat s\u00fcrecinde ise devletin t\u00fcm imkanlar\u0131n\u0131n seferber edildi\u011fini kaydeden Yavuz, Cumhurba\u015fkan\u0131 Recep Tayyip Erdo\u011fan&#x27;\u0131n s\u00fcreci yak\u0131ndan takip etti\u011fini s\u00f6yledi. Deprem b\u00f6lgelerinde konutlar\u0131n k\u0131sa s\u00fcrede hak sahiplerine teslim edildi\u011fini dile getiren Yavuz, &quot;Biz hayalleri hedefe, hedefleri ger\u00e7e\u011fe d\u00f6n\u00fc\u015ft\u00fcrmek i\u00e7in gece g\u00fcnd\u00fcz \u00e7al\u0131\u015f\u0131yoruz&quot; dedi.<\/p>\n<p>Muhalefetin deprem ve yerli otomobil \u00fczerinden ele\u015ftirilerde bulundu\u011funu ifade eden Yavuz, &quot;Bir d\u00f6nem \u2018teneke&#x27; dediler. Kemal K\u0131l\u0131\u00e7daro\u011flu merak edip g\u00f6rmek istedi\u011fini s\u00f6yledi. Bug\u00fcn de benzer yakla\u015f\u0131mlar\u0131 g\u00f6r\u00fcyoruz&quot; diye konu\u015ftu.<\/p>\n<p>Suriye&#x27;den gelen s\u0131\u011f\u0131nmac\u0131lara ili\u015fkin Cumhurba\u015fkan\u0131 Erdo\u011fan&#x27;\u0131n ge\u00e7mi\u015fte yapt\u0131\u011f\u0131 a\u00e7\u0131klamalar\u0131 hat\u0131rlatan Yavuz, &quot;Varil bombalar\u0131ndan ka\u00e7an insanlara kap\u0131lar\u0131m\u0131z\u0131 a\u00e7t\u0131k. Bu bir insanl\u0131k meselesidir. Siyasete alet edilemez&quot; ifadelerini kulland\u0131.<\/p>\n<p>&quot;SE\u00c7\u0130M ZAMANINDA, 2028 YILINDA&#8230;<\/p>\n","protected":false},"excerpt":{"rendered":"<p>AK Parti Genel Ba\u015fkan Yard\u0131mc\u0131s\u0131 Ali \u0130hsan Yavuz, T\u00fcrkiye&#8217;nin g\u00fcndeminde se\u00e7im yok, se\u00e7im zaman\u0131nda 2028&#8217;de yap\u0131lacak dedi.<\/p>\n","protected":false},"author":2,"featured_media":2570,"comment_status":"open","ping_status":"open","sticky":false,"template":"","format":"standard","meta":{"footnotes":""},"categories":[8,6,5],"tags":[],"class_list":["post-2571","post","type-post","status-publish","format-standard","has-post-thumbnail","hentry","category-arsiv","category-gundem","category-son-dakika"],"_links":{"self":[{"href":"https:\/\/eskigazeteci.com\/index.php?rest_route=\/wp\/v2\/posts\/2571","targetHints":{"allow":["GET"]}}],"collection":[{"href":"https:\/\/eskigazeteci.com\/index.php?rest_route=\/wp\/v2\/posts"}],"about":[{"href":"https:\/\/eskigazeteci.com\/index.php?rest_route=\/wp\/v2\/types\/post"}],"author":[{"embeddable":true,"href":"https:\/\/eskigazeteci.com\/index.php?rest_route=\/wp\/v2\/users\/2"}],"replies":[{"embeddable":true,"href":"https:\/\/eskigazeteci.com\/index.php?rest_route=%2Fwp%2Fv2%2Fcomments&post=2571"}],"version-history":[{"count":0,"href":"https:\/\/eskigazeteci.com\/index.php?rest_route=\/wp\/v2\/posts\/2571\/revisions"}],"wp:featuredmedia":[{"embeddable":true,"href":"https:\/\/eskigazeteci.com\/index.php?rest_route=\/wp\/v2\/media\/2570"}],"wp:attachment":[{"href":"https:\/\/eskigazeteci.com\/index.php?rest_route=%2Fwp%2Fv2%2Fmedia&parent=2571"}],"wp:term":[{"taxonomy":"category","embeddable":true,"href":"https:\/\/eskigazeteci.com\/index.php?rest_route=%2Fwp%2Fv2%2Fcategories&post=2571"},{"taxonomy":"post_tag","embeddable":true,"href":"https:\/\/eskigazeteci.com\/index.php?rest_route=%2Fwp%2Fv2%2Ftags&post=2571"}],"curies":[{"name":"wp","href":"https:\/\/api.w.org\/{rel}","templated":true}]}}