{"id":2569,"date":"2026-02-20T15:42:21","date_gmt":"2026-02-20T15:42:21","guid":{"rendered":"https:\/\/eskigazeteci.com\/?p=2569"},"modified":"2026-02-20T15:42:21","modified_gmt":"2026-02-20T15:42:21","slug":"brezilya-devlet-baskani-silva-maduro-kendi-ulkesinde-yargilanmali","status":"publish","type":"post","link":"https:\/\/eskigazeteci.com\/?p=2569","title":{"rendered":"Brezilya Devlet Ba\u015fkan\u0131 Silva: Maduro kendi \u00fclkesinde yarg\u0131lanmal\u0131"},"content":{"rendered":"<p>Brezilya Devlet Ba\u015fkan\u0131 Luiz Inacio Lula da Silva , 2026 Yapay Zeka Etki Zirvesi\u2019ne kat\u0131lmak \u00fczere bulundu\u011fu Hindistan\u2019da, Ocak ay\u0131nda ABD taraf\u0131ndan \u00fclke d\u0131\u015f\u0131na ka\u00e7\u0131r\u0131lan Venezuela Devlet Ba\u015fkan\u0131 Nicolas Maduro\u2019nun yarg\u0131 s\u00fcrecine ili\u015fkin a\u00e7\u0131klamada bulundu. Brezilyal\u0131 lider, Hindistan bas\u0131n\u0131na yapt\u0131\u011f\u0131 a\u00e7\u0131klamada, Maduro\u2019nun ABD\u2019nin New York \u015fehrinde yarg\u0131lanmas\u0131na de\u011finerek, &quot;\u015eu an \u00f6nemli olan \u015fey, Venezuela\u2019da demokrasinin yeniden sa\u011flanmas\u0131d\u0131r. E\u011fer Maduro\u2019nun yarg\u0131lanmas\u0131 gerekiyorsa bu kendi \u00fclkesinde ger\u00e7ekle\u015ftirilmelidir, ba\u015fka bir \u00fclkede de\u011fil&quot; dedi.<\/p>\n<p>Silva, Brezilya\u2019n\u0131n bir \u00fclkenin devlet ba\u015fkan\u0131n\u0131n ba\u015fka bir \u00fclke taraf\u0131ndan al\u0131konulmas\u0131n\u0131 kabul edemeyece\u011fini s\u00f6zlerine ekledi.<\/p>\n<p>Brezilyal\u0131 lider ayr\u0131ca ABD\u2019de ikamet eden ve haklar\u0131nda \u00e7e\u015fitli su\u00e7lamalar bulunan Brezilya vatanda\u015flar\u0131n\u0131n da \u00fclkelerinde yarg\u0131lanmas\u0131 gerekti\u011fine y\u00f6nelik a\u00e7\u0131klamalarda bulundu. Silva bu konuda ABD Ba\u015fkan\u0131 Donald Trump\u2019a yaz\u0131l\u0131 bir teklifte bulunmay\u0131 d\u00fc\u015f\u00fcnd\u00fc\u011f\u00fcn\u00fc bildirdi.<\/p>\n<p>Silva, ayr\u0131ca Trump ile gelecek ay ABD\u2019nin ba\u015fkenti Washington\u2019da bir araya gelebileceklerini s\u00f6yleyerek, ABD Ba\u015fkan\u0131 ile organize su\u00e7lar, uyu\u015fturucu ka\u00e7ak\u00e7\u0131l\u0131\u011f\u0131 ve nadir toprak elementlerine ili\u015fkin ba\u015fl\u0131klar\u0131 g\u00f6r\u00fc\u015fmek&#8230;<\/p>\n","protected":false},"excerpt":{"rendered":"<p>Brezilya Devlet Ba\u015fkan\u0131 Luiz Inacio Lula da Silva, ABD\u2019de uyu\u015fturucu ka\u00e7ak\u00e7\u0131l\u0131\u011f\u0131 ve silah bulundurma su\u00e7lamalar\u0131yla yarg\u0131lanan Venezuela Devlet Ba\u015fkan\u0131&#8230;<\/p>\n","protected":false},"author":2,"featured_media":2568,"comment_status":"open","ping_status":"open","sticky":false,"template":"","format":"standard","meta":{"footnotes":""},"categories":[8,6,5],"tags":[],"class_list":["post-2569","post","type-post","status-publish","format-standard","has-post-thumbnail","hentry","category-arsiv","category-gundem","category-son-dakika"],"_links":{"self":[{"href":"https:\/\/eskigazeteci.com\/index.php?rest_route=\/wp\/v2\/posts\/2569","targetHints":{"allow":["GET"]}}],"collection":[{"href":"https:\/\/eskigazeteci.com\/index.php?rest_route=\/wp\/v2\/posts"}],"about":[{"href":"https:\/\/eskigazeteci.com\/index.php?rest_route=\/wp\/v2\/types\/post"}],"author":[{"embeddable":true,"href":"https:\/\/eskigazeteci.com\/index.php?rest_route=\/wp\/v2\/users\/2"}],"replies":[{"embeddable":true,"href":"https:\/\/eskigazeteci.com\/index.php?rest_route=%2Fwp%2Fv2%2Fcomments&post=2569"}],"version-history":[{"count":0,"href":"https:\/\/eskigazeteci.com\/index.php?rest_route=\/wp\/v2\/posts\/2569\/revisions"}],"wp:featuredmedia":[{"embeddable":true,"href":"https:\/\/eskigazeteci.com\/index.php?rest_route=\/wp\/v2\/media\/2568"}],"wp:attachment":[{"href":"https:\/\/eskigazeteci.com\/index.php?rest_route=%2Fwp%2Fv2%2Fmedia&parent=2569"}],"wp:term":[{"taxonomy":"category","embeddable":true,"href":"https:\/\/eskigazeteci.com\/index.php?rest_route=%2Fwp%2Fv2%2Fcategories&post=2569"},{"taxonomy":"post_tag","embeddable":true,"href":"https:\/\/eskigazeteci.com\/index.php?rest_route=%2Fwp%2Fv2%2Ftags&post=2569"}],"curies":[{"name":"wp","href":"https:\/\/api.w.org\/{rel}","templated":true}]}}