{"id":2567,"date":"2026-02-20T15:40:48","date_gmt":"2026-02-20T15:40:48","guid":{"rendered":"https:\/\/eskigazeteci.com\/?p=2567"},"modified":"2026-02-20T15:40:48","modified_gmt":"2026-02-20T15:40:48","slug":"oliver-kahndan-leroy-sane-icin-dikkat-ceken-sozler-sorun-yasadik-messi-olurdum","status":"publish","type":"post","link":"https:\/\/eskigazeteci.com\/?p=2567","title":{"rendered":"Oliver Kahn&#8217;dan Leroy Sane i\u00e7in dikkat \u00e7eken s\u00f6zler: &#8216;Sorun ya\u015fad\u0131k, Messi olurdum&#8217;"},"content":{"rendered":"<p>Sezon ba\u015f\u0131nda Bayern M\u00fcnih&#x27;ten Galatasaray &#x27;a transfer olan Leroy Sane, Almanya&#x27;da g\u00fcndemden d\u00fc\u015fm\u00fcyor.<\/p>\n<p>Bayern M\u00fcnih&#x27;te bir d\u00f6nem CEO olarak g\u00f6rev yapan Oliver Kahn, eskiden birlikte \u00e7al\u0131\u015ft\u0131\u011f\u0131 vatanda\u015f\u0131 Leroy Sane hakk\u0131nda konu\u015ftu.<\/p>\n<p>Kahn, Sane ile sorunlar ya\u015fad\u0131klar\u0131na vurgu yaparken Alman futbolcunun sahip oldu\u011fu yeteneklere dikkat \u00e7ekti.<\/p>\n<p>\u0130\u015fte Oliver Kahn &#x27;\u0131n s\u00f6zler;<\/p>\n<p>Ona dedim ki, &quot;Senin yetene\u011fin bende olsayd\u0131, Messi olurdum.&quot; Bana hep \u015fa\u015fk\u0131n \u015fa\u015fk\u0131n bak\u0131yordu. Ne diyece\u011fini bilemiyordu. &quot;Sadece g\u00f6ster.&quot; dedim.<\/p>\n<p>SORUN YA\u015eADIK<\/p>\n<p>Leroy ile bu sorunu hep ya\u015fad\u0131k. \u0130\u015fte mesele de bu, b\u00f6yle bir oyuncuya yakla\u015fmak. Onun en iyi performans\u0131n\u0131 sergilemesini sa\u011flamak.<\/p>\n<p>EN \u0130Y\u0130 OLMAK \u0130\u00c7\u0130N GEREKEN HER \u015eEYE SAH\u0130P<\/p>\n<p>Onun niteliklerini ve yeteneklerini g\u00f6rd\u00fc\u011f\u00fcn\u00fczde, bu \u00e7ocuk ger\u00e7ekten en iyi olmak i\u00e7in gereken her \u015feye sahip. E\u011fer bunu istemiyorsa, bu onun karar\u0131d\u0131r. O zaman kariyeri farkl\u0131 bir y\u00f6ne gider. Galatasaray&#x27;a gitmi\u015f olsam ve D\u00fcnya Kupas\u0131 yakla\u015f\u0131yorsa, orada ne oldu\u011fumu g\u00f6steririm! Ama Sane \u00f6yle biri de\u011fil. Galatasaray&#x27;da yedek kal\u0131rsa, D\u00fcnya Kupas\u0131&#x27;nda yer almayacakt\u0131r.<\/p>\n<p>Galatasaray&#x27;da 29 ma\u00e7ta forma giyen 30 ya\u015f\u0131ndaki y\u0131ld\u0131z oyuncu, 6 gol att\u0131 ve 7 asist yapt\u0131.<\/p>\n<p>T\u00fcrkiye&#x27;den ve&#8230;<\/p>\n","protected":false},"excerpt":{"rendered":"<p>Bayern M\u00fcnih ve Alman futbolunun efsane isimlerinden Oliver Kahn, Galatasaray formas\u0131 giyen Leroy Sane hakk\u0131nda a\u00e7\u0131klamalar yapt\u0131.<\/p>\n","protected":false},"author":2,"featured_media":2566,"comment_status":"open","ping_status":"open","sticky":false,"template":"","format":"standard","meta":{"footnotes":""},"categories":[8,5,7],"tags":[],"class_list":["post-2567","post","type-post","status-publish","format-standard","has-post-thumbnail","hentry","category-arsiv","category-son-dakika","category-spor"],"_links":{"self":[{"href":"https:\/\/eskigazeteci.com\/index.php?rest_route=\/wp\/v2\/posts\/2567","targetHints":{"allow":["GET"]}}],"collection":[{"href":"https:\/\/eskigazeteci.com\/index.php?rest_route=\/wp\/v2\/posts"}],"about":[{"href":"https:\/\/eskigazeteci.com\/index.php?rest_route=\/wp\/v2\/types\/post"}],"author":[{"embeddable":true,"href":"https:\/\/eskigazeteci.com\/index.php?rest_route=\/wp\/v2\/users\/2"}],"replies":[{"embeddable":true,"href":"https:\/\/eskigazeteci.com\/index.php?rest_route=%2Fwp%2Fv2%2Fcomments&post=2567"}],"version-history":[{"count":0,"href":"https:\/\/eskigazeteci.com\/index.php?rest_route=\/wp\/v2\/posts\/2567\/revisions"}],"wp:featuredmedia":[{"embeddable":true,"href":"https:\/\/eskigazeteci.com\/index.php?rest_route=\/wp\/v2\/media\/2566"}],"wp:attachment":[{"href":"https:\/\/eskigazeteci.com\/index.php?rest_route=%2Fwp%2Fv2%2Fmedia&parent=2567"}],"wp:term":[{"taxonomy":"category","embeddable":true,"href":"https:\/\/eskigazeteci.com\/index.php?rest_route=%2Fwp%2Fv2%2Fcategories&post=2567"},{"taxonomy":"post_tag","embeddable":true,"href":"https:\/\/eskigazeteci.com\/index.php?rest_route=%2Fwp%2Fv2%2Ftags&post=2567"}],"curies":[{"name":"wp","href":"https:\/\/api.w.org\/{rel}","templated":true}]}}