{"id":2565,"date":"2026-02-20T15:32:21","date_gmt":"2026-02-20T15:32:21","guid":{"rendered":"https:\/\/eskigazeteci.com\/?p=2565"},"modified":"2026-02-20T15:32:21","modified_gmt":"2026-02-20T15:32:21","slug":"okulda-rahatsizlanan-11-yasindaki-oyku-hayatini-kaybetti","status":"publish","type":"post","link":"https:\/\/eskigazeteci.com\/?p=2565","title":{"rendered":"Okulda rahats\u0131zlanan 11 ya\u015f\u0131ndaki \u00f6yk\u00fc, hayat\u0131n\u0131 kaybetti"},"content":{"rendered":"<p>Olay, \u00f6\u011fle saatlerinde, Sakarya Ortaokulu&#x27;nda meydana geldi. 5\u2019inci s\u0131n\u0131f \u00f6\u011frencisi \u00d6yk\u00fc \u015eenli, teneff\u00fcste okul bah\u00e7esinde hen\u00fcz belirlenemeyen nedenle rahats\u0131zlan\u0131p, yere d\u00fc\u015ft\u00fc. \u0130hbar \u00fczerine adrese sa\u011fl\u0131k ekipleri sevk edildi. \u0130lk m\u00fcdahalesi olay yerinde yap\u0131lan \u015eenli, ambulansla Milas Devlet Hastanesi&#x27;ne kald\u0131r\u0131ld\u0131. \u015eenli, doktorlar\u0131n m\u00fcdahalesine ra\u011fmen ya\u015fam\u0131n\u0131 yitirdi. \u015eenli&#x27;nin \u00f6l\u00fcm haberi, ailesi ve arkada\u015flar\u0131n\u0131 \u00fczd\u00fc.<\/p>\n<p>\u00d6te yandan, Milas Milli E\u011fitim M\u00fcd\u00fcrl\u00fc\u011f\u00fc&#x27;n\u00fcn sanal medya hesab\u0131ndan yap\u0131lan payla\u015f\u0131mda, &quot;\u0130l\u00e7emiz Sakarya Ortaokulu 5\u2019inci s\u0131n\u0131f \u00f6\u011frencimiz \u00d6yk\u00fc \u015eenli \u2019nin vefat\u0131n\u0131 \u00fcz\u00fclerek \u00f6\u011frenmi\u015f bulunmaktay\u0131z. \u00d6\u011frencimize Allah\u2019tan rahmet, ailesine ve e\u011fitim camiam\u0131za ba\u015fsa\u011fl\u0131\u011f\u0131 ve sab\u0131r diliyoruz&quot; denildi.<\/p>\n<p>T\u00fcrkiye g\u00fcndeminden son dakika haberleri, bug\u00fcn ya\u015fanan en son geli\u015fmeler, siyaset g\u00fcndeminden g\u00fcncel haberler ve b\u00fct\u00fcn son dakika haberleri i\u00e7in H\u00fcrriyet&#x27;in internet haber sitesi hurriyet.com.tr; Hurriyet.com.tr haber i\u00e7erikleri kaynak g\u00f6sterilmeden al\u0131nt\u0131 yap\u0131lamaz, Kanuna ayk\u0131r\u0131 ve izinsiz olarak kopyalanamaz, ba\u015fka yerde yay\u0131nlanamaz.<\/p>\n","protected":false},"excerpt":{"rendered":"<p>Mu\u011fla\u2019n\u0131n Milas il\u00e7esinde, ortaokul 5\u2019inci s\u0131n\u0131f \u00f6\u011frencisi \u00d6yk\u00fc \u015eenli (11), teneff\u00fcste fenala\u015f\u0131nca hastaneye kald\u0131r\u0131ld\u0131. \u015eenli, kurtar\u0131lamad\u0131.<\/p>\n","protected":false},"author":2,"featured_media":2564,"comment_status":"open","ping_status":"open","sticky":false,"template":"","format":"standard","meta":{"footnotes":""},"categories":[8,6,5],"tags":[],"class_list":["post-2565","post","type-post","status-publish","format-standard","has-post-thumbnail","hentry","category-arsiv","category-gundem","category-son-dakika"],"_links":{"self":[{"href":"https:\/\/eskigazeteci.com\/index.php?rest_route=\/wp\/v2\/posts\/2565","targetHints":{"allow":["GET"]}}],"collection":[{"href":"https:\/\/eskigazeteci.com\/index.php?rest_route=\/wp\/v2\/posts"}],"about":[{"href":"https:\/\/eskigazeteci.com\/index.php?rest_route=\/wp\/v2\/types\/post"}],"author":[{"embeddable":true,"href":"https:\/\/eskigazeteci.com\/index.php?rest_route=\/wp\/v2\/users\/2"}],"replies":[{"embeddable":true,"href":"https:\/\/eskigazeteci.com\/index.php?rest_route=%2Fwp%2Fv2%2Fcomments&post=2565"}],"version-history":[{"count":0,"href":"https:\/\/eskigazeteci.com\/index.php?rest_route=\/wp\/v2\/posts\/2565\/revisions"}],"wp:featuredmedia":[{"embeddable":true,"href":"https:\/\/eskigazeteci.com\/index.php?rest_route=\/wp\/v2\/media\/2564"}],"wp:attachment":[{"href":"https:\/\/eskigazeteci.com\/index.php?rest_route=%2Fwp%2Fv2%2Fmedia&parent=2565"}],"wp:term":[{"taxonomy":"category","embeddable":true,"href":"https:\/\/eskigazeteci.com\/index.php?rest_route=%2Fwp%2Fv2%2Fcategories&post=2565"},{"taxonomy":"post_tag","embeddable":true,"href":"https:\/\/eskigazeteci.com\/index.php?rest_route=%2Fwp%2Fv2%2Ftags&post=2565"}],"curies":[{"name":"wp","href":"https:\/\/api.w.org\/{rel}","templated":true}]}}