{"id":2563,"date":"2026-02-20T15:30:49","date_gmt":"2026-02-20T15:30:49","guid":{"rendered":"https:\/\/eskigazeteci.com\/?p=2563"},"modified":"2026-02-20T15:30:49","modified_gmt":"2026-02-20T15:30:49","slug":"anderson-talisca-fenerbahce-taraftarina-seslendi-firsatimiz-olacak","status":"publish","type":"post","link":"https:\/\/eskigazeteci.com\/?p=2563","title":{"rendered":"Anderson Talisca, Fenerbah\u00e7e taraftar\u0131na seslendi: &#8216;F\u0131rsat\u0131m\u0131z olacak&#8217;"},"content":{"rendered":"<p>UEFA Avrupa Ligi&#x27;nde sahas\u0131nda Nottingham Forest&#x27;e 3-0 kaybeden Fenerbah\u00e7e , 3. ma\u011flubiyetini ald\u0131.<\/p>\n<p>UEFA Avrupa Ligi son 16 play-off turu ilk ma\u00e7\u0131nda Fenerbah\u00e7e, evinde kar\u015f\u0131la\u015ft\u0131\u011f\u0131 \u0130ngiliz ekibi Nottingham Forest&#x27;e 3-0 ma\u011flup oldu. Bu sezon lig a\u015famas\u0131nda Dinamo Zagreb ve Aston Villa&#x27;ya kaybeden sar\u0131-lacivertliler, organizasyonda 3. kez sahadan yenilgiyle ayr\u0131ld\u0131.<\/p>\n<p>TALISCA TARAFTARA SESLEND\u0130<\/p>\n<p>Ma\u00e7la ilgili Anderson Talisca, sosyal medya hesab\u0131ndan bir a\u00e7\u0131klama yay\u0131mlad\u0131.<\/p>\n<p>\u0130\u015fte Anderson Talisca &#x27;n\u0131n a\u00e7\u0131klamas\u0131;<\/p>\n<p>&quot;D\u00fcnk\u00fc ma\u00e7, hem tak\u0131m hem de bireysel olarak ortaya koydu\u011fumuz sezon performans\u0131 d\u00fc\u015f\u00fcn\u00fcld\u00fc\u011f\u00fcnde unutulmas\u0131 gereken bir kar\u015f\u0131la\u015fma. Her zaman galibiyetler, harika goller ve mutluluk anlar\u0131 olmuyor. D\u00fcn oldu\u011fu gibi zor anlar da var ve bu hem hayat\u0131n hem de futbolun bir par\u00e7as\u0131. Odaklanmaya devam ediyoruz \u00e7\u00fcnk\u00fc pazartesi yeniden g\u00fcl\u00fcmsemek i\u00e7in bir f\u0131rsat\u0131m\u0131z daha olacak. Haydi Fenerbah\u00e7e. Hep birlikte.&quot;<\/p>\n<p>T\u00fcrkiye&#x27;den ve D\u00fcnya\u2019dan son dakika haberleri, k\u00f6\u015fe yaz\u0131lar\u0131, magazinden siyasete, spordan seyahate b\u00fct\u00fcn konular\u0131n tek adresi Hurriyet.com.tr haber i\u00e7erikleri izin al\u0131nmadan, kaynak g\u00f6sterilerek dahi iktibas edilemez. Kanuna ayk\u0131r\u0131 ve izinsiz olarak kopyalanamaz, ba\u015fka&#8230;<\/p>\n","protected":false},"excerpt":{"rendered":"<p>Fenerbah\u00e7e&#8217;nin Brezilyal\u0131 y\u0131ld\u0131z\u0131 Anderson Talisca, sosyal medya hesab\u0131ndan sar\u0131-lacivertli taraftarlara seslendi.<\/p>\n","protected":false},"author":2,"featured_media":2562,"comment_status":"open","ping_status":"open","sticky":false,"template":"","format":"standard","meta":{"footnotes":""},"categories":[8,5,7],"tags":[],"class_list":["post-2563","post","type-post","status-publish","format-standard","has-post-thumbnail","hentry","category-arsiv","category-son-dakika","category-spor"],"_links":{"self":[{"href":"https:\/\/eskigazeteci.com\/index.php?rest_route=\/wp\/v2\/posts\/2563","targetHints":{"allow":["GET"]}}],"collection":[{"href":"https:\/\/eskigazeteci.com\/index.php?rest_route=\/wp\/v2\/posts"}],"about":[{"href":"https:\/\/eskigazeteci.com\/index.php?rest_route=\/wp\/v2\/types\/post"}],"author":[{"embeddable":true,"href":"https:\/\/eskigazeteci.com\/index.php?rest_route=\/wp\/v2\/users\/2"}],"replies":[{"embeddable":true,"href":"https:\/\/eskigazeteci.com\/index.php?rest_route=%2Fwp%2Fv2%2Fcomments&post=2563"}],"version-history":[{"count":0,"href":"https:\/\/eskigazeteci.com\/index.php?rest_route=\/wp\/v2\/posts\/2563\/revisions"}],"wp:featuredmedia":[{"embeddable":true,"href":"https:\/\/eskigazeteci.com\/index.php?rest_route=\/wp\/v2\/media\/2562"}],"wp:attachment":[{"href":"https:\/\/eskigazeteci.com\/index.php?rest_route=%2Fwp%2Fv2%2Fmedia&parent=2563"}],"wp:term":[{"taxonomy":"category","embeddable":true,"href":"https:\/\/eskigazeteci.com\/index.php?rest_route=%2Fwp%2Fv2%2Fcategories&post=2563"},{"taxonomy":"post_tag","embeddable":true,"href":"https:\/\/eskigazeteci.com\/index.php?rest_route=%2Fwp%2Fv2%2Ftags&post=2563"}],"curies":[{"name":"wp","href":"https:\/\/api.w.org\/{rel}","templated":true}]}}