{"id":2561,"date":"2026-02-20T14:40:46","date_gmt":"2026-02-20T14:40:46","guid":{"rendered":"https:\/\/eskigazeteci.com\/?p=2561"},"modified":"2026-02-20T14:40:46","modified_gmt":"2026-02-20T14:40:46","slug":"merz-yeni-dunya-duzeni-sekilleniyor","status":"publish","type":"post","link":"https:\/\/eskigazeteci.com\/?p=2561","title":{"rendered":"Merz: Yeni d\u00fcnya d\u00fczeni \u015fekilleniyor"},"content":{"rendered":"<p>Almanya Ba\u015fbakan\u0131 Friedrich Merz, Stuttgart&#x27;ta d\u00fczenlenen 38. Hristiyan Demokrat Birlik Partisi (CDU) Genel Kurulunda konu\u015ftu.<\/p>\n<p>K\u00fcresel d\u00fczenin d\u00f6n\u00fc\u015f\u00fcm\u00fcne tan\u0131kl\u0131k edildi\u011fi bir d\u00f6nemde ya\u015fand\u0131\u011f\u0131n\u0131 belirten Merz, kurallara dayal\u0131 d\u00fczenin bilindi\u011fi \u015fekliyle art\u0131k mevcut olmad\u0131\u011f\u0131n\u0131 yineledi.<\/p>\n<p>&quot;Yeni bir d\u00fcnya d\u00fczeni, b\u00fcy\u00fck bir g\u00fc\u00e7 d\u00fczeni h\u0131zla \u015fekilleniyor.&quot; ifadesini kullanan Merz, bu de\u011fi\u015fimin, k\u00fcresel ekonomiyi, d\u00fcnya ticaret d\u00fczenini, Avrupa&#x27;n\u0131n g\u00fcvenli\u011fini ve Almanya&#x27;n\u0131n d\u00fcnyadaki rol\u00fcn\u00fc etkiledi\u011fini dile getirdi.<\/p>\n<p>Merz, bunun i\u00e7 politika boyutunun da bulundu\u011funu, herkesi etkiledi\u011fini ve toplumda de\u011fi\u015fimlere yol a\u00e7t\u0131\u011f\u0131n\u0131 s\u00f6yleyerek, &quot;Biz ne yap\u0131yoruz? Cevap nispeten basit. Yeni \u00f6ncelikler belirliyoruz. B\u00f6ylece birle\u015fik Avrupa i\u00e7inde Almanya i\u00e7in yeni, b\u00fcy\u00fck bir strateji ortaya \u00e7\u0131k\u0131yor.&quot; diye konu\u015ftu.<\/p>\n<p>Yeni ba\u015flayan bu b\u00fcy\u00fck g\u00fc\u00e7ler \u00e7a\u011f\u0131nda, g\u00fcc\u00fcn giderek hukukun \u00f6n\u00fcne ge\u00e7ti\u011fini savunan Merz, &quot;Bu yeni \u00e7a\u011fda g\u00fc\u00e7 \u00f6nemlidir, \u00f6zellikle askeri g\u00fc\u00e7 ancak ekonomik g\u00fc\u00e7 de. Bu yeni d\u00fcnya serttir ve evet, tehlikelidir.&quot; dedi.<\/p>\n<p>Merz, kurallar\u0131n ge\u00e7erli olmad\u0131\u011f\u0131 yerde \u00e7at\u0131\u015fmalar\u0131n olma riskinin artt\u0131\u011f\u0131na, son y\u0131llarda Ukrayna&#x27;da g\u00f6r\u00fcld\u00fc\u011f\u00fc gibi sava\u015flar \u00e7\u0131kt\u0131\u011f\u0131na i\u015faret etti.<\/p>\n<p>Yeni b\u00fcy\u00fck g\u00fc\u00e7&#8230;<\/p>\n","protected":false},"excerpt":{"rendered":"<p>Almanya Ba\u015fbakan\u0131 ve Hristiyan Demokrat Birlik Partisi (CDU) Genel Ba\u015fkan\u0131 Friedrich Merz, yeni bir d\u00fcnya d\u00fczeninin, b\u00fcy\u00fck bir g\u00fc\u00e7 d\u00fczeninin h\u0131zla&#8230;<\/p>\n","protected":false},"author":2,"featured_media":2560,"comment_status":"open","ping_status":"open","sticky":false,"template":"","format":"standard","meta":{"footnotes":""},"categories":[8,6,5],"tags":[],"class_list":["post-2561","post","type-post","status-publish","format-standard","has-post-thumbnail","hentry","category-arsiv","category-gundem","category-son-dakika"],"_links":{"self":[{"href":"https:\/\/eskigazeteci.com\/index.php?rest_route=\/wp\/v2\/posts\/2561","targetHints":{"allow":["GET"]}}],"collection":[{"href":"https:\/\/eskigazeteci.com\/index.php?rest_route=\/wp\/v2\/posts"}],"about":[{"href":"https:\/\/eskigazeteci.com\/index.php?rest_route=\/wp\/v2\/types\/post"}],"author":[{"embeddable":true,"href":"https:\/\/eskigazeteci.com\/index.php?rest_route=\/wp\/v2\/users\/2"}],"replies":[{"embeddable":true,"href":"https:\/\/eskigazeteci.com\/index.php?rest_route=%2Fwp%2Fv2%2Fcomments&post=2561"}],"version-history":[{"count":0,"href":"https:\/\/eskigazeteci.com\/index.php?rest_route=\/wp\/v2\/posts\/2561\/revisions"}],"wp:featuredmedia":[{"embeddable":true,"href":"https:\/\/eskigazeteci.com\/index.php?rest_route=\/wp\/v2\/media\/2560"}],"wp:attachment":[{"href":"https:\/\/eskigazeteci.com\/index.php?rest_route=%2Fwp%2Fv2%2Fmedia&parent=2561"}],"wp:term":[{"taxonomy":"category","embeddable":true,"href":"https:\/\/eskigazeteci.com\/index.php?rest_route=%2Fwp%2Fv2%2Fcategories&post=2561"},{"taxonomy":"post_tag","embeddable":true,"href":"https:\/\/eskigazeteci.com\/index.php?rest_route=%2Fwp%2Fv2%2Ftags&post=2561"}],"curies":[{"name":"wp","href":"https:\/\/api.w.org\/{rel}","templated":true}]}}