{"id":2559,"date":"2026-02-20T14:36:58","date_gmt":"2026-02-20T14:36:58","guid":{"rendered":"https:\/\/eskigazeteci.com\/?p=2559"},"modified":"2026-02-20T14:36:58","modified_gmt":"2026-02-20T14:36:58","slug":"binbir-surat-sonunda-enselendi-polisten-kacmak-icin-kuryelere-ozel-not-birakmis","status":"publish","type":"post","link":"https:\/\/eskigazeteci.com\/?p=2559","title":{"rendered":"Binbir surat sonunda enselendi: Polisten ka\u00e7mak i\u00e7in kuryelere \u00f6zel not b\u0131rakm\u0131\u015f"},"content":{"rendered":"<p>Bursa Emniyet M\u00fcd\u00fcrl\u00fc\u011f\u00fc Asayi\u015f \u015eube M\u00fcd\u00fcrl\u00fc\u011f\u00fc Aranan \u015eah\u0131slar B\u00fcro Amirli\u011fi ekipleri, hakk\u0131nda yakalama karar\u0131 bulunan ki\u015filere y\u00f6nelik \u00e7al\u0131\u015fmalar kapsam\u0131nda F.D. (45) isimli h\u00fck\u00fcml\u00fcn\u00fcn izini s\u00fcrd\u00fc. &quot;Yaralama, h\u0131rs\u0131zl\u0131k, tehdit-hakaret, ya\u011fma, ki\u015fiyi h\u00fcrriyetinden yoksun k\u0131lma, kasten \u00f6ld\u00fcrme ve trafik g\u00fcvenli\u011fini tehlikeye sokma&quot; su\u00e7lar\u0131ndan toplam 33 y\u0131l kesinle\u015fmi\u015f hapis cezas\u0131 bulunan \u015f\u00fcpheliyi yakalamak i\u00e7in 250 saatlik g\u00fcvenlik kameras\u0131 incelemesi ve saha \u00e7al\u0131\u015fmas\u0131 yap\u0131ld\u0131.<\/p>\n<p>\u015e\u00fcphelinin karanl\u0131k saatlerde d\u0131\u015far\u0131 \u00e7\u0131kt\u0131\u011f\u0131, tan\u0131nmamak i\u00e7in kasket kulland\u0131\u011f\u0131, son bir ayda farkl\u0131 adreslerde kald\u0131\u011f\u0131 ve yemek sipari\u015flerini farkl\u0131 isimlerle verdi\u011fi belirlendi. Sipari\u015f notlar\u0131na &quot;Zile \u00fc\u00e7 kere bas\u0131n, duymayabilirim&quot; \u015feklinde yazd\u0131\u011f\u0131, kap\u0131y\u0131 yaln\u0131zca \u00fc\u00e7 kez zil \u00e7al\u0131nd\u0131\u011f\u0131nda a\u00e7t\u0131\u011f\u0131 tespit edildi.<\/p>\n<p>Gemlik il\u00e7esinde sakland\u0131\u011f\u0131 adres belirlenen h\u00fck\u00fcml\u00fcye y\u00f6nelik \u00d6zel Harekat destekli operasyon d\u00fczenlendi. Polis ekipleri kurye gibi kap\u0131y\u0131 \u00fc\u00e7 kez \u00e7alarak i\u00e7eri girdi ve \u015f\u00fcpheliyi yakalad\u0131.<\/p>\n<p>G\u00f6zalt\u0131na al\u0131nan F.D., emniyetteki i\u015flemlerinin ard\u0131ndan cezaevine teslim edildi.<\/p>\n<p>T\u00fcrkiye g\u00fcndeminden son dakika haberleri, bug\u00fcn ya\u015fanan en son geli\u015fmeler, siyaset g\u00fcndeminden g\u00fcncel haberler ve b\u00fct\u00fcn son&#8230;<\/p>\n","protected":false},"excerpt":{"rendered":"<p>Bursa&#8217;da \u00e7e\u015fitli su\u00e7lardan hakk\u0131nda kesinle\u015fmi\u015f 33 y\u0131l hapis cezas\u0131 bulunan firari h\u00fck\u00fcml\u00fc, polis ekiplerinin \u00d6zel Harekat destekli operasyonuyla yakaland\u0131&#8230;.<\/p>\n","protected":false},"author":2,"featured_media":2558,"comment_status":"open","ping_status":"open","sticky":false,"template":"","format":"standard","meta":{"footnotes":""},"categories":[8,6,5],"tags":[],"class_list":["post-2559","post","type-post","status-publish","format-standard","has-post-thumbnail","hentry","category-arsiv","category-gundem","category-son-dakika"],"_links":{"self":[{"href":"https:\/\/eskigazeteci.com\/index.php?rest_route=\/wp\/v2\/posts\/2559","targetHints":{"allow":["GET"]}}],"collection":[{"href":"https:\/\/eskigazeteci.com\/index.php?rest_route=\/wp\/v2\/posts"}],"about":[{"href":"https:\/\/eskigazeteci.com\/index.php?rest_route=\/wp\/v2\/types\/post"}],"author":[{"embeddable":true,"href":"https:\/\/eskigazeteci.com\/index.php?rest_route=\/wp\/v2\/users\/2"}],"replies":[{"embeddable":true,"href":"https:\/\/eskigazeteci.com\/index.php?rest_route=%2Fwp%2Fv2%2Fcomments&post=2559"}],"version-history":[{"count":0,"href":"https:\/\/eskigazeteci.com\/index.php?rest_route=\/wp\/v2\/posts\/2559\/revisions"}],"wp:featuredmedia":[{"embeddable":true,"href":"https:\/\/eskigazeteci.com\/index.php?rest_route=\/wp\/v2\/media\/2558"}],"wp:attachment":[{"href":"https:\/\/eskigazeteci.com\/index.php?rest_route=%2Fwp%2Fv2%2Fmedia&parent=2559"}],"wp:term":[{"taxonomy":"category","embeddable":true,"href":"https:\/\/eskigazeteci.com\/index.php?rest_route=%2Fwp%2Fv2%2Fcategories&post=2559"},{"taxonomy":"post_tag","embeddable":true,"href":"https:\/\/eskigazeteci.com\/index.php?rest_route=%2Fwp%2Fv2%2Ftags&post=2559"}],"curies":[{"name":"wp","href":"https:\/\/api.w.org\/{rel}","templated":true}]}}