{"id":2557,"date":"2026-02-20T14:35:25","date_gmt":"2026-02-20T14:35:25","guid":{"rendered":"https:\/\/eskigazeteci.com\/?p=2557"},"modified":"2026-02-20T14:35:25","modified_gmt":"2026-02-20T14:35:25","slug":"aydinda-evlerinde-olu-bulunan-ciftin-katil-zanlisi-yakalandi-sorguda-korkunc-cinayetleri-itiraf-etti","status":"publish","type":"post","link":"https:\/\/eskigazeteci.com\/?p=2557","title":{"rendered":"Ayd\u0131n&#8217;da evlerinde \u00f6l\u00fc bulunan \u00e7iftin katil zanl\u0131s\u0131 yakaland\u0131! Sorguda korkun\u00e7 cinayetleri itiraf etti"},"content":{"rendered":"<p>Doktor Ahmet \u00c7akalo\u011flu, 8 \u015eubat&#x27;ta saat 18.00 s\u0131ralar\u0131nda, bir s\u00fcredir haber alamad\u0131\u011f\u0131 babas\u0131 Turgut ve annesi Nuran \u00c7akalo\u011flu&#x27;nun Efeler il\u00e7esi Me\u015frutiyet Mahallesi K\u00fclt\u00fcr Caddesi&#x27;ndeki m\u00fcstakil 2 katl\u0131 evine geldi. Eve giren \u00c7akalo\u011flu, anne ve babas\u0131n\u0131 kanlar i\u00e7erisinde buldu. \u00c7akalo\u011flu&#x27;nun ihbar\u0131 sonras\u0131 adrese polis, sa\u011fl\u0131k ve itfaiye ekipleri sevk edildi. Sa\u011fl\u0131k g\u00f6revlilerinin kontrol\u00fcnde \u00e7iftin ba\u015f, boyun ve kar\u0131n olmak \u00fczere v\u00fccutlar\u0131n\u0131n \u00e7e\u015fitli yerlerinden ald\u0131klar\u0131 b\u0131\u00e7ak darbeleriyle \u00f6ld\u00fckleri belirlendi. Cans\u0131z bedenler, kesin \u00f6l\u00fcm nedenlerinin belirlenmesi amac\u0131yla Ayd\u0131n Adnan Menderes \u00dcniversitesi Adli T\u0131p Kurumu&#x27;nun morguna g\u00f6t\u00fcr\u00fcld\u00fc. Kom\u015fular\u0131, \u00c7akalo\u011flu \u00e7iftinin evinden saat 03.00 s\u0131ralar\u0131nda kavga sesi duyduklar\u0131n\u0131 s\u00f6yledi.<\/p>\n<p>Ayd\u0131n Emniyet M\u00fcd\u00fcrl\u00fc\u011f\u00fc Asayi\u015f \u015eube M\u00fcd\u00fcrl\u00fc\u011f\u00fc taraf\u0131ndan, olay\u0131n ayd\u0131nlat\u0131lmas\u0131 i\u00e7in 5 ayr\u0131 \u00f6zel ekip olu\u015fturuldu. Eve yak\u0131n b\u00f6lgede g\u00fcvenlik kameras\u0131 bulunmad\u0131\u011f\u0131 belirtildi. Savc\u0131l\u0131k karar\u0131yla ev m\u00fch\u00fcrlenirken, kap\u0131ya polis \u015feridi \u00e7ekildi. \u0130ncelemede, v\u00fccudunda 15 b\u0131\u00e7ak darbesi bulunan Turgut \u00c7akalo\u011flu&#x27;nun cesedinin evin giri\u015finde, 10 b\u0131\u00e7ak darbesiyle hayat\u0131n\u0131 kaybeden Nuran \u00c7akalo\u011flu&#x27;nun cesedinin ise \u00fcst kattaki yatak odas\u0131nda bulundu\u011fu&#8230;<\/p>\n","protected":false},"excerpt":{"rendered":"<p>Ayd\u0131n&#8217;\u0131n Efeler il\u00e7esinde evde b\u0131\u00e7aklanarak \u00f6ld\u00fcr\u00fclm\u00fc\u015f halde bulunan Turgut (79)-Nuran \u00c7akalo\u011flu (79) \u00e7iftinin cinayet \u015f\u00fcphelisi olarak, hurdac\u0131 \u015e.H. (39)&#8230;<\/p>\n","protected":false},"author":2,"featured_media":2556,"comment_status":"open","ping_status":"open","sticky":false,"template":"","format":"standard","meta":{"footnotes":""},"categories":[8,6,5],"tags":[],"class_list":["post-2557","post","type-post","status-publish","format-standard","has-post-thumbnail","hentry","category-arsiv","category-gundem","category-son-dakika"],"_links":{"self":[{"href":"https:\/\/eskigazeteci.com\/index.php?rest_route=\/wp\/v2\/posts\/2557","targetHints":{"allow":["GET"]}}],"collection":[{"href":"https:\/\/eskigazeteci.com\/index.php?rest_route=\/wp\/v2\/posts"}],"about":[{"href":"https:\/\/eskigazeteci.com\/index.php?rest_route=\/wp\/v2\/types\/post"}],"author":[{"embeddable":true,"href":"https:\/\/eskigazeteci.com\/index.php?rest_route=\/wp\/v2\/users\/2"}],"replies":[{"embeddable":true,"href":"https:\/\/eskigazeteci.com\/index.php?rest_route=%2Fwp%2Fv2%2Fcomments&post=2557"}],"version-history":[{"count":0,"href":"https:\/\/eskigazeteci.com\/index.php?rest_route=\/wp\/v2\/posts\/2557\/revisions"}],"wp:featuredmedia":[{"embeddable":true,"href":"https:\/\/eskigazeteci.com\/index.php?rest_route=\/wp\/v2\/media\/2556"}],"wp:attachment":[{"href":"https:\/\/eskigazeteci.com\/index.php?rest_route=%2Fwp%2Fv2%2Fmedia&parent=2557"}],"wp:term":[{"taxonomy":"category","embeddable":true,"href":"https:\/\/eskigazeteci.com\/index.php?rest_route=%2Fwp%2Fv2%2Fcategories&post=2557"},{"taxonomy":"post_tag","embeddable":true,"href":"https:\/\/eskigazeteci.com\/index.php?rest_route=%2Fwp%2Fv2%2Ftags&post=2557"}],"curies":[{"name":"wp","href":"https:\/\/api.w.org\/{rel}","templated":true}]}}