{"id":2553,"date":"2026-02-20T14:32:18","date_gmt":"2026-02-20T14:32:18","guid":{"rendered":"https:\/\/eskigazeteci.com\/?p=2553"},"modified":"2026-02-20T14:32:18","modified_gmt":"2026-02-20T14:32:18","slug":"toplam-sanayi-uretici-fiyat-endeksi-ilk-kez-aciklandi","status":"publish","type":"post","link":"https:\/\/eskigazeteci.com\/?p=2553","title":{"rendered":"Toplam sanayi \u00fcretici fiyat endeksi ilk kez a\u00e7\u0131kland\u0131"},"content":{"rendered":"<p>T\u00fcrkiye \u0130statistik Kurumu (T\u00dc\u0130K), Toplam Sanayi \u00dcretici Fiyat Endeksi g\u00f6stergelerini ilk kez yay\u0131mlad\u0131.<\/p>\n<p>Buna g\u00f6re endeks, ge\u00e7en ay bir \u00f6nceki aya k\u0131yasla y\u00fczde 3,1, ge\u00e7en y\u0131l\u0131n ayn\u0131 ay\u0131na g\u00f6re y\u00fczde 29,58 ve 12 ayl\u0131k ortalamalara k\u0131yasla y\u00fczde 26,09 y\u00fckseldi.<\/p>\n<p>Sanayinin alt sekt\u00f6rlerinin y\u0131ll\u0131k de\u011fi\u015fimlerine bak\u0131ld\u0131\u011f\u0131nda, madencilik ve ta\u015f ocak\u00e7\u0131l\u0131\u011f\u0131nda y\u00fczde 36,92, imalatta y\u00fczde 29,6, elektrik, gaz, buhar, iklimlendirme \u00fcretimi ve da\u011f\u0131t\u0131m\u0131nda y\u00fczde 25,94, su temini, kanalizasyon, at\u0131k y\u00f6netimi ve iyile\u015ftirme faaliyetlerinde ise y\u00fczde 37,21 art\u0131\u015f g\u00f6r\u00fcld\u00fc.<\/p>\n<p>Ana sanayi gruplar\u0131n\u0131n y\u0131ll\u0131k de\u011fi\u015fimleri dikkate al\u0131nd\u0131\u011f\u0131nda, ara mallar\u0131nda y\u00fczde 27,67, dayan\u0131kl\u0131 t\u00fcketim mallar\u0131nda y\u00fczde 35,09, dayan\u0131ks\u0131z t\u00fcketim mallar\u0131nda y\u00fczde 33,47, enerjide y\u00fczde 20,05, sermaye mallar\u0131nda y\u00fczde 32,2 y\u00fckseli\u015f ger\u00e7ekle\u015fti.<\/p>\n<p>AYLIK DE\u011e\u0130\u015e\u0130MLER<\/p>\n<p>Sanayinin alt sekt\u00f6rlerinin ayl\u0131k de\u011fi\u015fimleri incelendi\u011finde ise madencilik ve ta\u015f ocak\u00e7\u0131l\u0131\u011f\u0131nda y\u00fczde 4,2, imalatta y\u00fczde 3,48, su temini, kanalizasyon, at\u0131k y\u00f6netimi ve iyile\u015ftirme faaliyetlerinde y\u00fczde 2,02 art\u0131\u015f kaydedilirken, elektrik, gaz, buhar, iklimlendirme \u00fcretimi ve da\u011f\u0131t\u0131m\u0131 y\u00fczde 2,57 azald\u0131.<\/p>\n<p>Ana sanayi gruplar\u0131n\u0131n ayl\u0131k de\u011fi\u015fimlerine bak\u0131ld\u0131\u011f\u0131nda,&#8230;<\/p>\n","protected":false},"excerpt":{"rendered":"<p>Toplam sanayi \u00fcretici fiyat endeksi, ocakta ayl\u0131k bazda y\u00fczde 3,1, y\u0131ll\u0131k bazda y\u00fczde 29,58 art\u0131\u015f kaydetti.<\/p>\n","protected":false},"author":2,"featured_media":2552,"comment_status":"open","ping_status":"open","sticky":false,"template":"","format":"standard","meta":{"footnotes":""},"categories":[8,6,5],"tags":[],"class_list":["post-2553","post","type-post","status-publish","format-standard","has-post-thumbnail","hentry","category-arsiv","category-gundem","category-son-dakika"],"_links":{"self":[{"href":"https:\/\/eskigazeteci.com\/index.php?rest_route=\/wp\/v2\/posts\/2553","targetHints":{"allow":["GET"]}}],"collection":[{"href":"https:\/\/eskigazeteci.com\/index.php?rest_route=\/wp\/v2\/posts"}],"about":[{"href":"https:\/\/eskigazeteci.com\/index.php?rest_route=\/wp\/v2\/types\/post"}],"author":[{"embeddable":true,"href":"https:\/\/eskigazeteci.com\/index.php?rest_route=\/wp\/v2\/users\/2"}],"replies":[{"embeddable":true,"href":"https:\/\/eskigazeteci.com\/index.php?rest_route=%2Fwp%2Fv2%2Fcomments&post=2553"}],"version-history":[{"count":0,"href":"https:\/\/eskigazeteci.com\/index.php?rest_route=\/wp\/v2\/posts\/2553\/revisions"}],"wp:featuredmedia":[{"embeddable":true,"href":"https:\/\/eskigazeteci.com\/index.php?rest_route=\/wp\/v2\/media\/2552"}],"wp:attachment":[{"href":"https:\/\/eskigazeteci.com\/index.php?rest_route=%2Fwp%2Fv2%2Fmedia&parent=2553"}],"wp:term":[{"taxonomy":"category","embeddable":true,"href":"https:\/\/eskigazeteci.com\/index.php?rest_route=%2Fwp%2Fv2%2Fcategories&post=2553"},{"taxonomy":"post_tag","embeddable":true,"href":"https:\/\/eskigazeteci.com\/index.php?rest_route=%2Fwp%2Fv2%2Ftags&post=2553"}],"curies":[{"name":"wp","href":"https:\/\/api.w.org\/{rel}","templated":true}]}}