{"id":2547,"date":"2026-02-20T14:13:50","date_gmt":"2026-02-20T14:13:50","guid":{"rendered":"https:\/\/eskigazeteci.com\/?p=2547"},"modified":"2026-02-20T14:13:50","modified_gmt":"2026-02-20T14:13:50","slug":"orta-doguda-gerilim-artti-norvec-askerlerini-geri-cekti","status":"publish","type":"post","link":"https:\/\/eskigazeteci.com\/?p=2547","title":{"rendered":"Orta Do\u011fu&#8217;da gerilim artt\u0131: Norve\u00e7 askerlerini geri \u00e7ekti"},"content":{"rendered":"<p>Norve\u00e7 Silahl\u0131 Kuvvetleri (FOH) S\u00f6zc\u00fcs\u00fc Brynjar Stordal, Irak ve \u00dcrd\u00fcn&#x27;de yakla\u015f\u0131k 60 Norve\u00e7 askerinin g\u00f6rev yapt\u0131\u011f\u0131n\u0131 belirterek son d\u00f6nemde Orta Do\u011fu &#x27;da artan gerilim nedeniyle Irak&#x27;ta bulunan askerlerini \u00e7ektiklerini belirtti.<\/p>\n<p>Durumun ge\u00e7ici oldu\u011funu aktaran Stordal, Irak &#x27;tan \u00e7ekilen asker say\u0131s\u0131na ve bu askerlerin nerede olduklar\u0131na ili\u015fkin bilgi payla\u015fmad\u0131. Norve\u00e7 &#x27;te yay\u0131n yapan NRK&#x27;ye yapt\u0131\u011f\u0131 a\u00e7\u0131klamada Stordal, m\u00fcmk\u00fcn olan yerlerde g\u00f6revlerine devam eden askerlerin bulundu\u011funu ifade ederek onlar\u0131n da belirli g\u00fcvenlik kontrollerinden ge\u00e7ti\u011fini s\u00f6yledi.<\/p>\n<p>\u0130lgili karar\u0131n ABD ile \u0130ran aras\u0131nda devam eden gerilim nedeniyle olup olmad\u0131\u011f\u0131na ili\u015fkin yorum yapmayan Stordal, &quot;b\u00f6lgedeki tehdit ve gerilim&quot; nedeniyle b\u00f6yle bir ad\u0131m att\u0131klar\u0131n\u0131 kaydetti.<\/p>\n<p>Yurtd\u0131\u015f\u0131nda ya\u015fanan en son olaylar, d\u00fcnya g\u00fcndemine oturan d\u0131\u015f haberler, son dakika d\u00fcnya haberleri, di\u011fer d\u00fcnya \u00fclkelerinden g\u00fcncel haberler i\u00e7in T\u00fcrkiye&#x27;nin haber sitesi hurriyet.com.tr; Hurriyet.com.tr haber i\u00e7erikleri kaynak g\u00f6sterilmeden al\u0131nt\u0131 yap\u0131lamaz, Kanuna ayk\u0131r\u0131 ve izinsiz olarak kopyalanamaz, ba\u015fka yerde yay\u0131nlanamaz.<\/p>\n","protected":false},"excerpt":{"rendered":"<p>Norve\u00e7, Orta Do\u011fu&#8217;da artan gerilim nedeniyle Irak&#8217;ta bulunan askerlerini geri \u00e7ekti\u011fini a\u00e7\u0131klad\u0131.<\/p>\n","protected":false},"author":2,"featured_media":2546,"comment_status":"open","ping_status":"open","sticky":false,"template":"","format":"standard","meta":{"footnotes":""},"categories":[8,6,5],"tags":[],"class_list":["post-2547","post","type-post","status-publish","format-standard","has-post-thumbnail","hentry","category-arsiv","category-gundem","category-son-dakika"],"_links":{"self":[{"href":"https:\/\/eskigazeteci.com\/index.php?rest_route=\/wp\/v2\/posts\/2547","targetHints":{"allow":["GET"]}}],"collection":[{"href":"https:\/\/eskigazeteci.com\/index.php?rest_route=\/wp\/v2\/posts"}],"about":[{"href":"https:\/\/eskigazeteci.com\/index.php?rest_route=\/wp\/v2\/types\/post"}],"author":[{"embeddable":true,"href":"https:\/\/eskigazeteci.com\/index.php?rest_route=\/wp\/v2\/users\/2"}],"replies":[{"embeddable":true,"href":"https:\/\/eskigazeteci.com\/index.php?rest_route=%2Fwp%2Fv2%2Fcomments&post=2547"}],"version-history":[{"count":0,"href":"https:\/\/eskigazeteci.com\/index.php?rest_route=\/wp\/v2\/posts\/2547\/revisions"}],"wp:featuredmedia":[{"embeddable":true,"href":"https:\/\/eskigazeteci.com\/index.php?rest_route=\/wp\/v2\/media\/2546"}],"wp:attachment":[{"href":"https:\/\/eskigazeteci.com\/index.php?rest_route=%2Fwp%2Fv2%2Fmedia&parent=2547"}],"wp:term":[{"taxonomy":"category","embeddable":true,"href":"https:\/\/eskigazeteci.com\/index.php?rest_route=%2Fwp%2Fv2%2Fcategories&post=2547"},{"taxonomy":"post_tag","embeddable":true,"href":"https:\/\/eskigazeteci.com\/index.php?rest_route=%2Fwp%2Fv2%2Ftags&post=2547"}],"curies":[{"name":"wp","href":"https:\/\/api.w.org\/{rel}","templated":true}]}}