{"id":2545,"date":"2026-02-20T14:12:17","date_gmt":"2026-02-20T14:12:17","guid":{"rendered":"https:\/\/eskigazeteci.com\/?p=2545"},"modified":"2026-02-20T14:12:17","modified_gmt":"2026-02-20T14:12:17","slug":"galatasarayda-victor-osimhen-soku-konyaspor-macinda-yok","status":"publish","type":"post","link":"https:\/\/eskigazeteci.com\/?p=2545","title":{"rendered":"Galatasaray&#8217;da Victor Osimhen \u015foku! Konyaspor ma\u00e7\u0131nda yok"},"content":{"rendered":"<p>Galatasaray &#x27;\u0131n, Konyaspor ma\u00e7\u0131 kamp kadrosu belli oldu. Sar\u0131-k\u0131rm\u0131z\u0131l\u0131lar, sa\u011f dizinde a\u011fr\u0131lar\u0131 bulunan Victor Osimhen &#x27;in tedbir ama\u00e7l\u0131 olarak Konyaspor ma\u00e7\u0131 kamp kadrosuna al\u0131nmad\u0131\u011f\u0131n\u0131 a\u00e7\u0131klad\u0131.<\/p>\n<p>Galatasaray&#x27;\u0131n kamp kadrosu \u015fu \u015fekilde:<\/p>\n<p>T\u00fcrkiye&#x27;den ve D\u00fcnya\u2019dan son dakika haberleri, k\u00f6\u015fe yaz\u0131lar\u0131, magazinden siyasete, spordan seyahate b\u00fct\u00fcn konular\u0131n tek adresi Hurriyet.com.tr haber i\u00e7erikleri izin al\u0131nmadan, kaynak g\u00f6sterilerek dahi iktibas edilemez. Kanuna ayk\u0131r\u0131 ve izinsiz olarak kopyalanamaz, ba\u015fka yerde yay\u0131nlanamaz.<\/p>\n","protected":false},"excerpt":{"rendered":"<p>S\u00fcper Lig&#8217;in 23. haftas\u0131nda yar\u0131n Konyaspor&#8217;a konuk olacak olan Galatasaray&#8217;\u0131n kamp kadrosu a\u00e7\u0131kland\u0131.<\/p>\n","protected":false},"author":2,"featured_media":2544,"comment_status":"open","ping_status":"open","sticky":false,"template":"","format":"standard","meta":{"footnotes":""},"categories":[8,5,7],"tags":[],"class_list":["post-2545","post","type-post","status-publish","format-standard","has-post-thumbnail","hentry","category-arsiv","category-son-dakika","category-spor"],"_links":{"self":[{"href":"https:\/\/eskigazeteci.com\/index.php?rest_route=\/wp\/v2\/posts\/2545","targetHints":{"allow":["GET"]}}],"collection":[{"href":"https:\/\/eskigazeteci.com\/index.php?rest_route=\/wp\/v2\/posts"}],"about":[{"href":"https:\/\/eskigazeteci.com\/index.php?rest_route=\/wp\/v2\/types\/post"}],"author":[{"embeddable":true,"href":"https:\/\/eskigazeteci.com\/index.php?rest_route=\/wp\/v2\/users\/2"}],"replies":[{"embeddable":true,"href":"https:\/\/eskigazeteci.com\/index.php?rest_route=%2Fwp%2Fv2%2Fcomments&post=2545"}],"version-history":[{"count":0,"href":"https:\/\/eskigazeteci.com\/index.php?rest_route=\/wp\/v2\/posts\/2545\/revisions"}],"wp:featuredmedia":[{"embeddable":true,"href":"https:\/\/eskigazeteci.com\/index.php?rest_route=\/wp\/v2\/media\/2544"}],"wp:attachment":[{"href":"https:\/\/eskigazeteci.com\/index.php?rest_route=%2Fwp%2Fv2%2Fmedia&parent=2545"}],"wp:term":[{"taxonomy":"category","embeddable":true,"href":"https:\/\/eskigazeteci.com\/index.php?rest_route=%2Fwp%2Fv2%2Fcategories&post=2545"},{"taxonomy":"post_tag","embeddable":true,"href":"https:\/\/eskigazeteci.com\/index.php?rest_route=%2Fwp%2Fv2%2Ftags&post=2545"}],"curies":[{"name":"wp","href":"https:\/\/api.w.org\/{rel}","templated":true}]}}