{"id":2541,"date":"2026-02-20T14:03:46","date_gmt":"2026-02-20T14:03:46","guid":{"rendered":"https:\/\/eskigazeteci.com\/?p=2541"},"modified":"2026-02-20T14:03:46","modified_gmt":"2026-02-20T14:03:46","slug":"kirikkalede-yol-haritasi-tamamlandi","status":"publish","type":"post","link":"https:\/\/eskigazeteci.com\/?p=2541","title":{"rendered":"K\u0131r\u0131kkale&#8217;de yol haritas\u0131 tamamland\u0131"},"content":{"rendered":"<p>K\u00fclt\u00fcr ve Turizm Bakan\u0131 Mehmet Nuri Ersoy, K\u0131r\u0131kkale\u2019nin turizm vizyonuna ili\u015fkin \u00f6nemli mesajlar verdi. Yapacak \u00e7ok i\u015f ve projenin oldu\u011funu vurgulayan Ersoy, bu projeleri birer birer K\u0131r\u0131kkale\u2019ye kazand\u0131racaklar\u0131n\u0131 s\u00f6yledi.<\/p>\n<p>Ramazan ay\u0131n\u0131n ikinci g\u00fcn\u00fcnde K\u0131r\u0131kkale\u2019de ger\u00e7ekle\u015ftirdi\u011fi program kapsam\u0131nda AK Parti \u0130l Te\u015fkilat\u0131 ile bir araya gelen Bakan Ersoy, k\u00fclt\u00fcr ve turizm alan\u0131ndaki yat\u0131r\u0131mlar\u0131n kararl\u0131l\u0131kla s\u00fcrece\u011fi mesaj\u0131n\u0131 payla\u015ft\u0131.<\/p>\n<p>K\u0131r\u0131kkale program\u0131na Vali H\u00fcseyin Engin Sar\u0131ibrahim\u2019i makam\u0131nda ziyaret ederek ba\u015flayan ve kentin k\u00fclt\u00fcr turizm projeleriyle y\u00fcr\u00fct\u00fclen \u00e7al\u0131\u015fmalara ili\u015fkin de\u011ferlendirme toplant\u0131s\u0131na kat\u0131lan Ersoy, ard\u0131ndan AK Parti K\u0131r\u0131kkale \u0130l Ba\u015fkanl\u0131\u011f\u0131n\u0131 ziyaret etti. Bakan Ersoy&#x27;a AK Parti K\u0131r\u0131kkale Milletvekili Mustafa Kaplan ile AK Parti K\u0131r\u0131kkale \u0130l Ba\u015fkan\u0131 Engin Pehlivanl\u0131 e\u015flik etti.<\/p>\n<p>AK Parti K\u0131r\u0131kkale \u0130l Te\u015fkilat\u0131nda bir konu\u015fma yapan Bakan Ersoy, K\u00fclt\u00fcr ve Turizm Bakanl\u0131\u011f\u0131 olarak sadece T\u00fcrkiye\u2019nin k\u00fclt\u00fcrel miras\u0131n\u0131 korumakla kalmad\u0131klar\u0131n\u0131 belirterek \u201cAyn\u0131 zamanda \u015fehirlerimizin sahip oldu\u011fu de\u011ferleri g\u00f6r\u00fcn\u00fcr k\u0131lmak, k\u00fclt\u00fcr, sanat ve turizm alan\u0131nda her bir ilimizi daha g\u00fc\u00e7l\u00fc hale getirmek i\u00e7in \u00e7al\u0131\u015f\u0131yoruz.\u201d dedi.<\/p>\n<p>Hasandede K\u00fclt\u00fcr Merkezinin&#8230;<\/p>\n","protected":false},"excerpt":{"rendered":"<p>K\u0131r\u0131kkale\u2019de y\u00fcr\u00fct\u00fclen k\u00fclt\u00fcr ve turizm yat\u0131r\u0131mlar\u0131na ili\u015fkin yeni d\u00f6nemin yol haritas\u0131 a\u00e7\u0131kland\u0131. Kapadokya \u00dcniversitesi i\u015f birli\u011fiyle haz\u0131rlanan K\u0131r\u0131kkale&#8230;<\/p>\n","protected":false},"author":2,"featured_media":2540,"comment_status":"open","ping_status":"open","sticky":false,"template":"","format":"standard","meta":{"footnotes":""},"categories":[8,6,5],"tags":[],"class_list":["post-2541","post","type-post","status-publish","format-standard","has-post-thumbnail","hentry","category-arsiv","category-gundem","category-son-dakika"],"_links":{"self":[{"href":"https:\/\/eskigazeteci.com\/index.php?rest_route=\/wp\/v2\/posts\/2541","targetHints":{"allow":["GET"]}}],"collection":[{"href":"https:\/\/eskigazeteci.com\/index.php?rest_route=\/wp\/v2\/posts"}],"about":[{"href":"https:\/\/eskigazeteci.com\/index.php?rest_route=\/wp\/v2\/types\/post"}],"author":[{"embeddable":true,"href":"https:\/\/eskigazeteci.com\/index.php?rest_route=\/wp\/v2\/users\/2"}],"replies":[{"embeddable":true,"href":"https:\/\/eskigazeteci.com\/index.php?rest_route=%2Fwp%2Fv2%2Fcomments&post=2541"}],"version-history":[{"count":0,"href":"https:\/\/eskigazeteci.com\/index.php?rest_route=\/wp\/v2\/posts\/2541\/revisions"}],"wp:featuredmedia":[{"embeddable":true,"href":"https:\/\/eskigazeteci.com\/index.php?rest_route=\/wp\/v2\/media\/2540"}],"wp:attachment":[{"href":"https:\/\/eskigazeteci.com\/index.php?rest_route=%2Fwp%2Fv2%2Fmedia&parent=2541"}],"wp:term":[{"taxonomy":"category","embeddable":true,"href":"https:\/\/eskigazeteci.com\/index.php?rest_route=%2Fwp%2Fv2%2Fcategories&post=2541"},{"taxonomy":"post_tag","embeddable":true,"href":"https:\/\/eskigazeteci.com\/index.php?rest_route=%2Fwp%2Fv2%2Ftags&post=2541"}],"curies":[{"name":"wp","href":"https:\/\/api.w.org\/{rel}","templated":true}]}}