{"id":254,"date":"2026-02-09T10:03:31","date_gmt":"2026-02-09T10:03:31","guid":{"rendered":"https:\/\/eskigazeteci.com\/?p=254"},"modified":"2026-02-09T10:03:31","modified_gmt":"2026-02-09T10:03:31","slug":"haber-102","status":"publish","type":"post","link":"https:\/\/eskigazeteci.com\/?p=254","title":{"rendered":"Haber"},"content":{"rendered":"<p>\u0130rem Haznedar, akademik ba\u015far\u0131lar\u0131yla da \u00f6ne \u00e7\u0131kan gen\u00e7 bir isimdir. Ko\u00e7 \u00dcniversitesi Kimya B\u00f6l\u00fcm\u00fc \u00f6\u011frencisi olan Haznedar, e\u011fitim hayat\u0131na verdi\u011fi \u00f6nemi modellik kariyeriyle bir arada s\u00fcrd\u00fcrmektedir. Bilimsel projelerde aktif rol ald\u0131\u011f\u0131 ve akademik ba\u015far\u0131s\u0131n\u0131 korudu\u011fu bilinmektedir. Modellik kariyerine 2022 y\u0131l\u0131nda ba\u015flayan \u0130rem Haznedar, 8. International Top Model of North Cyprus yar\u0131\u015fmas\u0131nda T\u00fcrkiye&#x27;yi temsil ederek ad\u0131n\u0131 duyurmu\u015ftur. Bu yar\u0131\u015fmadaki performans\u0131, onun modellik d\u00fcnyas\u0131ndaki y\u00fckseli\u015finin ba\u015flang\u0131c\u0131 olmu\u015ftur.<\/p>\n<p>\u0130rem Haznedar, akademik ba\u015far\u0131lar\u0131yla da \u00f6ne \u00e7\u0131kan gen\u00e7 bir isimdir. Ko\u00e7 \u00dcniversitesi Kimya B\u00f6l\u00fcm\u00fc \u00f6\u011frencisi olan Haznedar, e\u011fitim hayat\u0131na verdi\u011fi \u00f6nemi modellik kariyeriyle bir arada s\u00fcrd\u00fcrmektedir. Bilimsel projelerde aktif rol ald\u0131\u011f\u0131 ve akademik ba\u015far\u0131s\u0131n\u0131 korudu\u011fu bilinmektedir.<\/p>\n<p>Modellik kariyerine 2022 y\u0131l\u0131nda ba\u015flayan \u0130rem Haznedar, 8. International Top Model of North Cyprus yar\u0131\u015fmas\u0131nda T\u00fcrkiye&#x27;yi temsil ederek ad\u0131n\u0131 duyurmu\u015ftur. Bu yar\u0131\u015fmadaki performans\u0131, onun modellik d\u00fcnyas\u0131ndaki y\u00fckseli\u015finin ba\u015flang\u0131c\u0131 olmu\u015ftur.<\/p>\n<p>\u0130rem Haznedar&#x27;\u0131n do\u011fum tarihi hakk\u0131nda net bir bilgi bulunmamakla birlikte, 2022 y\u0131l\u0131nda uluslararas\u0131 bir modellik yar\u0131\u015fmas\u0131nda yer almas\u0131, ya\u015f\u0131n\u0131n 20&#x27;li ya\u015flar\u0131n ba\u015f\u0131nda oldu\u011funu d\u00fc\u015f\u00fcnd\u00fcrmektedir. Do\u011fum yeri olarak ise T\u00fcrkiye do\u011fumlu oldu\u011fu bilgisi kamuoyuna yans\u0131m\u0131\u015ft\u0131r; ancak memleketine dair daha spesifik bir bilgi mevcut de\u011fildir.<\/p>\n<p>\u0130rem Haznedar&#x27;\u0131n do\u011fum tarihi hakk\u0131nda net bir bilgi bulunmamakla birlikte, 2022 y\u0131l\u0131nda uluslararas\u0131 bir modellik yar\u0131\u015fmas\u0131nda yer almas\u0131, ya\u015f\u0131n\u0131n 20&#x27;li ya\u015flar\u0131n ba\u015f\u0131nda oldu\u011funu d\u00fc\u015f\u00fcnd\u00fcrmektedir. Do\u011fum yeri olarak ise T\u00fcrkiye do\u011fumlu oldu\u011fu bilgisi kamuoyuna yans\u0131m\u0131\u015ft\u0131r; ancak memleketine dair daha spesifik bir bilgi mevcut de\u011fildir.<\/p>\n<p>\u0130rem Haznedar&#x27;\u0131n \u00f6zel hayat\u0131 da magazin bas\u0131n\u0131n\u0131n yak\u0131n takibinde. Gen\u00e7 modelin ad\u0131 daha \u00f6nce rap \u015fark\u0131c\u0131s\u0131 Blok3 (Hakan Ayd\u0131n) ile an\u0131lm\u0131\u015ft\u0131. Hatta baz\u0131 iddialara g\u00f6re Blok3&#x27;\u00fcn \u0130rem Haznedar&#x27;\u0131 annesiyle tan\u0131\u015ft\u0131rd\u0131\u011f\u0131 da belirtilmi\u015fti. Ancak son geli\u015fmeler, \u0130rem Haznedar&#x27;\u0131n a\u015fk hayat\u0131nda yeni bir sayfa a\u00e7t\u0131\u011f\u0131n\u0131 g\u00f6steriyor. \u00dcnl\u00fc oyuncu Ula\u015f Tuna Astepe ile bir mekanda sarma\u015f dola\u015f g\u00f6r\u00fcnt\u00fclenen Haznedar, magazin g\u00fcndemine bomba gibi d\u00fc\u015ft\u00fc. Bu g\u00f6r\u00fcnt\u00fcler, ikilinin yeni bir ili\u015fkiye ba\u015flad\u0131\u011f\u0131 y\u00f6n\u00fcndeki iddialar\u0131 g\u00fc\u00e7lendirdi. Ula\u015f Tuna Astepe&#x27;nin 6 y\u0131ll\u0131k ili\u015fkisini bitirmesinin ard\u0131ndan \u0130rem Haznedar ile an\u0131lmas\u0131, kamuoyunda \u015fa\u015fk\u0131nl\u0131kla kar\u015f\u0131land\u0131.<\/p>\n<p>\u0130rem Haznedar&#x27;\u0131n \u00f6zel hayat\u0131 da magazin bas\u0131n\u0131n\u0131n yak\u0131n takibinde. Gen\u00e7 modelin ad\u0131 daha \u00f6nce rap \u015fark\u0131c\u0131s\u0131 Blok3 (Hakan Ayd\u0131n) ile an\u0131lm\u0131\u015ft\u0131. Hatta baz\u0131 iddialara g\u00f6re Blok3&#x27;\u00fcn \u0130rem Haznedar&#x27;\u0131 annesiyle tan\u0131\u015ft\u0131rd\u0131\u011f\u0131 da belirtilmi\u015fti.<\/p>\n<p>Ancak son geli\u015fmeler, \u0130rem Haznedar&#x27;\u0131n a\u015fk hayat\u0131nda yeni bir sayfa a\u00e7t\u0131\u011f\u0131n\u0131 g\u00f6steriyor. \u00dcnl\u00fc oyuncu Ula\u015f Tuna Astepe ile bir mekanda sarma\u015f dola\u015f g\u00f6r\u00fcnt\u00fclenen Haznedar, magazin g\u00fcndemine bomba gibi d\u00fc\u015ft\u00fc. Bu g\u00f6r\u00fcnt\u00fcler, ikilinin yeni bir ili\u015fkiye ba\u015flad\u0131\u011f\u0131 y\u00f6n\u00fcndeki iddialar\u0131 g\u00fc\u00e7lendirdi. Ula\u015f Tuna Astepe&#x27;nin 6 y\u0131ll\u0131k ili\u015fkisini bitirmesinin ard\u0131ndan \u0130rem Haznedar ile an\u0131lmas\u0131, kamuoyunda \u015fa\u015fk\u0131nl\u0131kla kar\u015f\u0131land\u0131.<\/p>\n<p>\u0130rem Haznedar&#x27;\u0131n soyad\u0131 olan &quot;Haznedar&quot; veya &quot;Hanzedar&quot;, Osmanl\u0131 d\u00f6neminde Trabzon Valisi Hazinedarzade S\u00fcleyman Pa\u015fa gibi \u00f6nemli fig\u00fcrlerle ili\u015fkilendirilen k\u00f6kl\u00fc bir ge\u00e7mi\u015fe sahiptir. Bu durum, \u0130rem Haznedar&#x27;\u0131n Osmanl\u0131&#x27;daki bu aileyle bir ba\u011flant\u0131s\u0131 olup olmad\u0131\u011f\u0131 sorusunu ak\u0131llara getirmi\u015ftir. Ancak yap\u0131lan ara\u015ft\u0131rmalarda, \u0130rem Haznedar&#x27;\u0131n bu aileyle do\u011frudan bir soy ba\u011f\u0131 oldu\u011funa dair resmi veya do\u011frulanm\u0131\u015f bir bilgi bulunmamaktad\u0131r. Benzerlik ta\u015f\u0131yan soyad\u0131ndan kaynaklanan bu merak, herhangi bir tarihsel ba\u011flant\u0131yla do\u011frulanmam\u0131\u015ft\u0131r.<\/p>\n<p>\u0130rem Haznedar&#x27;\u0131n soyad\u0131 olan &quot;Haznedar&quot; veya &quot;Hanzedar&quot;, Osmanl\u0131 d\u00f6neminde Trabzon Valisi Hazinedarzade S\u00fcleyman Pa\u015fa gibi \u00f6nemli fig\u00fcrlerle ili\u015fkilendirilen k\u00f6kl\u00fc bir ge\u00e7mi\u015fe sahiptir. Bu durum, \u0130rem Haznedar&#x27;\u0131n Osmanl\u0131&#x27;daki bu aileyle bir ba\u011flant\u0131s\u0131 olup olmad\u0131\u011f\u0131 sorusunu ak\u0131llara getirmi\u015ftir. Ancak yap\u0131lan ara\u015ft\u0131rmalarda, \u0130rem Haznedar&#x27;\u0131n bu aileyle do\u011frudan bir soy ba\u011f\u0131 oldu\u011funa dair resmi veya do\u011frulanm\u0131\u015f bir bilgi bulunmamaktad\u0131r. Benzerlik ta\u015f\u0131yan soyad\u0131ndan kaynaklanan bu merak, herhangi bir tarihsel ba\u011flant\u0131yla do\u011frulanmam\u0131\u015ft\u0131r.<\/p>\n<p>T\u00fcrkiye&#x27;den ve D\u00fcnya\u2019dan son dakika haberleri, k\u00f6\u015fe yaz\u0131lar\u0131, magazinden siyasete, spordan seyahate b\u00fct\u00fcn konular\u0131n tek adresi Hurriyet.com.tr haber i\u00e7erikleri izin al\u0131nmadan, kaynak g\u00f6sterilerek dahi iktibas edilemez. Kanuna ayk\u0131r\u0131 ve izinsiz olarak kopyalanamaz, ba\u015fka yerde yay\u0131nlanamaz.<\/p>\n","protected":false},"excerpt":{"rendered":"<p>Son g\u00fcnlerde magazin g\u00fcndemini me\u015fgul eden isimlerden biri olan \u0130rem Haznedar, hem kariyeri hem de \u00f6zel hayat\u0131yla dikkatleri \u00fczerine \u00e7ekiyor. \u00d6zellikle&#8230;<\/p>\n","protected":false},"author":2,"featured_media":253,"comment_status":"open","ping_status":"open","sticky":false,"template":"","format":"standard","meta":{"footnotes":""},"categories":[8,3],"tags":[],"class_list":["post-254","post","type-post","status-publish","format-standard","has-post-thumbnail","hentry","category-arsiv","category-siyaset"],"_links":{"self":[{"href":"https:\/\/eskigazeteci.com\/index.php?rest_route=\/wp\/v2\/posts\/254","targetHints":{"allow":["GET"]}}],"collection":[{"href":"https:\/\/eskigazeteci.com\/index.php?rest_route=\/wp\/v2\/posts"}],"about":[{"href":"https:\/\/eskigazeteci.com\/index.php?rest_route=\/wp\/v2\/types\/post"}],"author":[{"embeddable":true,"href":"https:\/\/eskigazeteci.com\/index.php?rest_route=\/wp\/v2\/users\/2"}],"replies":[{"embeddable":true,"href":"https:\/\/eskigazeteci.com\/index.php?rest_route=%2Fwp%2Fv2%2Fcomments&post=254"}],"version-history":[{"count":0,"href":"https:\/\/eskigazeteci.com\/index.php?rest_route=\/wp\/v2\/posts\/254\/revisions"}],"wp:featuredmedia":[{"embeddable":true,"href":"https:\/\/eskigazeteci.com\/index.php?rest_route=\/wp\/v2\/media\/253"}],"wp:attachment":[{"href":"https:\/\/eskigazeteci.com\/index.php?rest_route=%2Fwp%2Fv2%2Fmedia&parent=254"}],"wp:term":[{"taxonomy":"category","embeddable":true,"href":"https:\/\/eskigazeteci.com\/index.php?rest_route=%2Fwp%2Fv2%2Fcategories&post=254"},{"taxonomy":"post_tag","embeddable":true,"href":"https:\/\/eskigazeteci.com\/index.php?rest_route=%2Fwp%2Fv2%2Ftags&post=254"}],"curies":[{"name":"wp","href":"https:\/\/api.w.org\/{rel}","templated":true}]}}