{"id":2539,"date":"2026-02-20T14:02:14","date_gmt":"2026-02-20T14:02:14","guid":{"rendered":"https:\/\/eskigazeteci.com\/?p=2539"},"modified":"2026-02-20T14:02:14","modified_gmt":"2026-02-20T14:02:14","slug":"golde-facia-cok-sayida-turist-oldu","status":"publish","type":"post","link":"https:\/\/eskigazeteci.com\/?p=2539","title":{"rendered":"G\u00f6lde facia: \u00c7ok say\u0131da turist \u00f6ld\u00fc"},"content":{"rendered":"<p>Rusya&#x27;n\u0131n Sibirya b\u00f6lgesindeki &quot;d\u00fcnyan\u0131n en derin g\u00f6l\u00fc&quot; olarak bilinen Baykal G\u00f6l\u00fc &#x27;nde yerel saatle 07.30&#x27;da biri \u015fof\u00f6r, 8&#x27;i \u00c7inli turist olmak \u00fczere 9 ki\u015finin bulundu\u011fu ara\u00e7, buzun k\u0131r\u0131lmas\u0131 sonucu suya d\u00fc\u015ft\u00fc.<\/p>\n<p>Olay yerine Rusya Acil Durumlar Bakanl\u0131\u011f\u0131, Baykal Arama ve Kurtarma ekibi sevk edildi.<\/p>\n<p>Vali Igor Kobzev yapt\u0131\u011f\u0131 a\u00e7\u0131klamada, 1 turistin kurtuldu\u011funu, 7 turist ile \u015fof\u00f6r\u00fcn kayboldu\u011funu ve hayat\u0131n\u0131 kaybettiklerinin varsay\u0131ld\u0131\u011f\u0131n\u0131 ifade etti.<\/p>\n<p>Kobzev, arac\u0131n buzun k\u0131r\u0131lmas\u0131 sonucu suya d\u00fc\u015ft\u00fc\u011f\u00fc Olkhon adas\u0131na giden buz ge\u00e7idinin eri\u015fime kapal\u0131 oldu\u011funu, olay\u0131n nedenlerinin ara\u015ft\u0131r\u0131ld\u0131\u011f\u0131n\u0131 belirtti.<\/p>\n<p>Kobzev, durumun \u0130rkutsk&#x27;taki \u00c7in Konsoloslu\u011funa bildirildi\u011fini aktard\u0131.<\/p>\n<p>Yurtd\u0131\u015f\u0131nda ya\u015fanan en son olaylar, d\u00fcnya g\u00fcndemine oturan d\u0131\u015f haberler, son dakika d\u00fcnya haberleri, di\u011fer d\u00fcnya \u00fclkelerinden g\u00fcncel haberler i\u00e7in T\u00fcrkiye&#x27;nin haber sitesi hurriyet.com.tr; Hurriyet.com.tr haber i\u00e7erikleri kaynak g\u00f6sterilmeden al\u0131nt\u0131 yap\u0131lamaz, Kanuna ayk\u0131r\u0131 ve izinsiz olarak kopyalanamaz, ba\u015fka yerde yay\u0131nlanamaz.<\/p>\n","protected":false},"excerpt":{"rendered":"<p>Rusya&#8217;n\u0131n Sibirya b\u00f6lgesindeki Baykal G\u00f6l\u00fc&#8217;n\u00fcn donan b\u00f6l\u00fcm\u00fcnden ge\u00e7en arac\u0131n buz k\u0131r\u0131lmas\u0131 sonucu suya d\u00fc\u015fmesiyle 7 \u00c7inli turist ve \u015fof\u00f6r hayat\u0131n\u0131 kaybetti.<\/p>\n","protected":false},"author":2,"featured_media":2538,"comment_status":"open","ping_status":"open","sticky":false,"template":"","format":"standard","meta":{"footnotes":""},"categories":[8,6,5],"tags":[],"class_list":["post-2539","post","type-post","status-publish","format-standard","has-post-thumbnail","hentry","category-arsiv","category-gundem","category-son-dakika"],"_links":{"self":[{"href":"https:\/\/eskigazeteci.com\/index.php?rest_route=\/wp\/v2\/posts\/2539","targetHints":{"allow":["GET"]}}],"collection":[{"href":"https:\/\/eskigazeteci.com\/index.php?rest_route=\/wp\/v2\/posts"}],"about":[{"href":"https:\/\/eskigazeteci.com\/index.php?rest_route=\/wp\/v2\/types\/post"}],"author":[{"embeddable":true,"href":"https:\/\/eskigazeteci.com\/index.php?rest_route=\/wp\/v2\/users\/2"}],"replies":[{"embeddable":true,"href":"https:\/\/eskigazeteci.com\/index.php?rest_route=%2Fwp%2Fv2%2Fcomments&post=2539"}],"version-history":[{"count":0,"href":"https:\/\/eskigazeteci.com\/index.php?rest_route=\/wp\/v2\/posts\/2539\/revisions"}],"wp:featuredmedia":[{"embeddable":true,"href":"https:\/\/eskigazeteci.com\/index.php?rest_route=\/wp\/v2\/media\/2538"}],"wp:attachment":[{"href":"https:\/\/eskigazeteci.com\/index.php?rest_route=%2Fwp%2Fv2%2Fmedia&parent=2539"}],"wp:term":[{"taxonomy":"category","embeddable":true,"href":"https:\/\/eskigazeteci.com\/index.php?rest_route=%2Fwp%2Fv2%2Fcategories&post=2539"},{"taxonomy":"post_tag","embeddable":true,"href":"https:\/\/eskigazeteci.com\/index.php?rest_route=%2Fwp%2Fv2%2Ftags&post=2539"}],"curies":[{"name":"wp","href":"https:\/\/api.w.org\/{rel}","templated":true}]}}