{"id":2537,"date":"2026-02-20T14:00:43","date_gmt":"2026-02-20T14:00:43","guid":{"rendered":"https:\/\/eskigazeteci.com\/?p=2537"},"modified":"2026-02-20T14:00:43","modified_gmt":"2026-02-20T14:00:43","slug":"zeki-celikin-yeni-takimi-belli-oldu-bonservissiz-transfer-oluyor","status":"publish","type":"post","link":"https:\/\/eskigazeteci.com\/?p=2537","title":{"rendered":"Zeki \u00c7elik&#8217;in yeni tak\u0131m\u0131 belli oldu! Bonservissiz transfer oluyor"},"content":{"rendered":"<p>Roma&#x27;da 4. sezonunu ge\u00e7iren milli futbolcu Zeki \u00c7elik&#x27;in tak\u0131m\u0131yla olan s\u00f6zle\u015fmesi May\u0131s ay\u0131n\u0131n sonunda sona erecek.<\/p>\n<p>Bir s\u00fcredir Roma&#x27;yla yeni s\u00f6zle\u015fme i\u00e7in g\u00f6r\u00fc\u015fmelerde bulunan ancak maa\u015f konusunda anla\u015famayan Zeki \u00c7elik, \u0130talya&#x27;n\u0131n bir ba\u015fka b\u00fcy\u00fck tak\u0131m\u0131na transfer oluyor.<\/p>\n<p>KENAN YILDIZ&#x27;LA TAKIM ARKADA\u015eI OLACAK<\/p>\n<p>La Stampa gazetesinin haberine g\u00f6re; Juventus, sezon sonunda serbest kalacak olan Zeki \u00c7elik ile her konuda anla\u015fmaya vard\u0131.<\/p>\n<p>Milli futbolcu, 1 Haziran itibar\u0131yla bedelsiz olarak Juventus &#x27;a transfer olacak ve A Milli Tak\u0131m&#x27;\u0131n y\u0131ld\u0131z isimlerinden Kenan Y\u0131ld\u0131z ile tak\u0131m arkada\u015f\u0131 olacak.<\/p>\n<p>PERFORMANSI<\/p>\n<p>Bu sezon Roma formas\u0131yla t\u00fcm kulvarlarda 31 ma\u00e7a \u00e7\u0131kan 29 ya\u015f\u0131ndaki tecr\u00fcbeli sa\u011f bek, 1 gol &#8211; 4 asistlik performans sergiledi.<\/p>\n<p>T\u00fcrkiye&#x27;den ve D\u00fcnya\u2019dan son dakika haberleri, k\u00f6\u015fe yaz\u0131lar\u0131, magazinden siyasete, spordan seyahate b\u00fct\u00fcn konular\u0131n tek adresi Hurriyet.com.tr haber i\u00e7erikleri izin al\u0131nmadan, kaynak g\u00f6sterilerek dahi iktibas edilemez. Kanuna ayk\u0131r\u0131 ve izinsiz olarak kopyalanamaz, ba\u015fka yerde yay\u0131nlanamaz.<\/p>\n","protected":false},"excerpt":{"rendered":"<p>\u0130talya Serie A ekiplerinden Roma&#8217;da forma giyen ve sezon sonunda tak\u0131m\u0131yla s\u00f6zle\u015fmesi bitecek olan milli futbolcu Zeki \u00c7elik, Juventus&#8217;a transfer oluyor.<\/p>\n","protected":false},"author":2,"featured_media":2536,"comment_status":"open","ping_status":"open","sticky":false,"template":"","format":"standard","meta":{"footnotes":""},"categories":[8,5,7],"tags":[],"class_list":["post-2537","post","type-post","status-publish","format-standard","has-post-thumbnail","hentry","category-arsiv","category-son-dakika","category-spor"],"_links":{"self":[{"href":"https:\/\/eskigazeteci.com\/index.php?rest_route=\/wp\/v2\/posts\/2537","targetHints":{"allow":["GET"]}}],"collection":[{"href":"https:\/\/eskigazeteci.com\/index.php?rest_route=\/wp\/v2\/posts"}],"about":[{"href":"https:\/\/eskigazeteci.com\/index.php?rest_route=\/wp\/v2\/types\/post"}],"author":[{"embeddable":true,"href":"https:\/\/eskigazeteci.com\/index.php?rest_route=\/wp\/v2\/users\/2"}],"replies":[{"embeddable":true,"href":"https:\/\/eskigazeteci.com\/index.php?rest_route=%2Fwp%2Fv2%2Fcomments&post=2537"}],"version-history":[{"count":0,"href":"https:\/\/eskigazeteci.com\/index.php?rest_route=\/wp\/v2\/posts\/2537\/revisions"}],"wp:featuredmedia":[{"embeddable":true,"href":"https:\/\/eskigazeteci.com\/index.php?rest_route=\/wp\/v2\/media\/2536"}],"wp:attachment":[{"href":"https:\/\/eskigazeteci.com\/index.php?rest_route=%2Fwp%2Fv2%2Fmedia&parent=2537"}],"wp:term":[{"taxonomy":"category","embeddable":true,"href":"https:\/\/eskigazeteci.com\/index.php?rest_route=%2Fwp%2Fv2%2Fcategories&post=2537"},{"taxonomy":"post_tag","embeddable":true,"href":"https:\/\/eskigazeteci.com\/index.php?rest_route=%2Fwp%2Fv2%2Ftags&post=2537"}],"curies":[{"name":"wp","href":"https:\/\/api.w.org\/{rel}","templated":true}]}}