{"id":2535,"date":"2026-02-20T13:55:21","date_gmt":"2026-02-20T13:55:21","guid":{"rendered":"https:\/\/eskigazeteci.com\/?p=2535"},"modified":"2026-02-20T13:55:21","modified_gmt":"2026-02-20T13:55:21","slug":"chp-lideri-ozel-ataturk-bustunu-firtinadan-koruyan-ogrencilerle-gorustu","status":"publish","type":"post","link":"https:\/\/eskigazeteci.com\/?p=2535","title":{"rendered":"CHP lideri \u00d6zel, Atat\u00fcrk b\u00fcst\u00fcn\u00fc f\u0131rt\u0131nadan koruyan \u00f6\u011frencilerle g\u00f6r\u00fc\u015ft\u00fc"},"content":{"rendered":"<p>CHP Genel Ba\u015fkan\u0131 \u00d6zg\u00fcr \u00d6zel, CHP Adana \u0130l Ba\u015fkan\u0131 An\u0131l Tanburo\u011flu arac\u0131l\u0131\u011f\u0131yla Atat\u00fcrk b\u00fcst\u00fcn\u00fc koruyan Adanal\u0131 gen\u00e7lerle \u00e7evrim i\u00e7i g\u00f6r\u00fc\u015fme ger\u00e7ekle\u015ftirdi. \u00d6zel, g\u00f6r\u00fcnt\u00fcleri g\u00f6rd\u00fc\u011f\u00fcnde \u00e7ok duyguland\u0131\u011f\u0131n\u0131 belirterek, &quot; Atat\u00fcrk b\u00fcst\u00fc tam y\u0131k\u0131lacakken ko\u015fturuyordunuz. Ondan sonra An\u0131l Ba\u015fkan\u0131ma, &quot;Bu Adana\u2019n\u0131n yi\u011fit evlatlar\u0131 ile bir tan\u0131\u015fal\u0131m&#x27; dedim. Nas\u0131l oldu, \u00e7ok acayip ya\u011fmur vard\u0131 de\u011fil mi&quot; dedi.<\/p>\n<p>\u00d6\u011frencilerden Mustafa, beden e\u011fitim dersinde olduklar\u0131n\u0131 s\u00f6yleyerek, &quot;Baya\u011f\u0131 bir ya\u011fmur ya\u011f\u0131yordu. Arkada\u015f\u0131m fark etti. Dedi ki; &#x27;Atam\u0131z sallan\u0131yor&#x27;, biz de deste\u011fe gittik&quot; yan\u0131t\u0131n\u0131 verdi.<\/p>\n<p>&#x27;GURUR DUYDUK&#x27;<\/p>\n<p>Bunun \u00fczerine \u00d6zg\u00fcr \u00d6zel, &quot;Vallahi izlerken g\u00f6zya\u015flar\u0131m\u0131 tutamad\u0131m. \u0130lk sen ko\u015ftun de\u011fil mi, d\u00fc\u015fmesin diye? Bir de montunu \u00e7\u0131kar\u0131p Atat\u00fcrk\u2019\u00fcn ba\u015f\u0131na do\u011fru koyan, bir de \u00f6b\u00fcr yandan r\u00fczgar gelmesin diye yan yana duran iki ki\u015fi var. Onlar da siz misiniz? Ya\u015fay\u0131n \u00e7ocuklar, \u00e7ok te\u015fekk\u00fcr ederiz. T\u00fcrkiye\u2019de bazen Atat\u00fcrk\u2019e d\u00fc\u015fmanl\u0131k edenler, Cumhuriyet\u2019e d\u00fc\u015fmanl\u0131k edenler oluyor. O g\u00f6r\u00fcnt\u00fcleri g\u00f6r\u00fcnce, T\u00fcrkiye\u2019deki herkes dedi ki; \u2018Hi\u00e7bir \u015fey olmaz, b\u00f6yle bir gen\u00e7lik olduktan sonra.\u2019 Hepinizle gurur duyduk&quot; ifadelerini kulland\u0131.<\/p>\n<p>\u00d6zel, Adana \u0130l Ba\u015fkan\u0131 Tanburo\u011flu&#x27;na, &quot;Ba\u015fkan\u0131m gen\u00e7lerle&#8230;<\/p>\n","protected":false},"excerpt":{"rendered":"<p>CHP Genel Ba\u015fkan\u0131 \u00d6zg\u00fcr \u00d6zel, Adana&#8217;n\u0131n Seyhan il\u00e7esindeki B\u00fcy\u00fcksaat Ortaokulu\u2019nda, f\u0131rt\u0131na s\u0131ras\u0131nda d\u00fc\u015fmek \u00fczere olan Atat\u00fcrk b\u00fcst\u00fcn\u00fc koruyan \u00f6\u011frencilerle&#8230;<\/p>\n","protected":false},"author":2,"featured_media":2534,"comment_status":"open","ping_status":"open","sticky":false,"template":"","format":"standard","meta":{"footnotes":""},"categories":[8,6,5],"tags":[],"class_list":["post-2535","post","type-post","status-publish","format-standard","has-post-thumbnail","hentry","category-arsiv","category-gundem","category-son-dakika"],"_links":{"self":[{"href":"https:\/\/eskigazeteci.com\/index.php?rest_route=\/wp\/v2\/posts\/2535","targetHints":{"allow":["GET"]}}],"collection":[{"href":"https:\/\/eskigazeteci.com\/index.php?rest_route=\/wp\/v2\/posts"}],"about":[{"href":"https:\/\/eskigazeteci.com\/index.php?rest_route=\/wp\/v2\/types\/post"}],"author":[{"embeddable":true,"href":"https:\/\/eskigazeteci.com\/index.php?rest_route=\/wp\/v2\/users\/2"}],"replies":[{"embeddable":true,"href":"https:\/\/eskigazeteci.com\/index.php?rest_route=%2Fwp%2Fv2%2Fcomments&post=2535"}],"version-history":[{"count":0,"href":"https:\/\/eskigazeteci.com\/index.php?rest_route=\/wp\/v2\/posts\/2535\/revisions"}],"wp:featuredmedia":[{"embeddable":true,"href":"https:\/\/eskigazeteci.com\/index.php?rest_route=\/wp\/v2\/media\/2534"}],"wp:attachment":[{"href":"https:\/\/eskigazeteci.com\/index.php?rest_route=%2Fwp%2Fv2%2Fmedia&parent=2535"}],"wp:term":[{"taxonomy":"category","embeddable":true,"href":"https:\/\/eskigazeteci.com\/index.php?rest_route=%2Fwp%2Fv2%2Fcategories&post=2535"},{"taxonomy":"post_tag","embeddable":true,"href":"https:\/\/eskigazeteci.com\/index.php?rest_route=%2Fwp%2Fv2%2Ftags&post=2535"}],"curies":[{"name":"wp","href":"https:\/\/api.w.org\/{rel}","templated":true}]}}