{"id":2533,"date":"2026-02-20T13:53:49","date_gmt":"2026-02-20T13:53:49","guid":{"rendered":"https:\/\/eskigazeteci.com\/?p=2533"},"modified":"2026-02-20T13:53:49","modified_gmt":"2026-02-20T13:53:49","slug":"orduda-yalanci-bahar-meyve-agaclari-cicek-acti","status":"publish","type":"post","link":"https:\/\/eskigazeteci.com\/?p=2533","title":{"rendered":"Ordu&#8217;da yalanc\u0131 bahar: Meyve a\u011fa\u00e7lar\u0131 \u00e7i\u00e7ek a\u00e7t\u0131"},"content":{"rendered":"<p>Ordu &#x27;da birka\u00e7 g\u00fcnd\u00fcr mevsim normallerinin \u00fczerinde seyreden hava s\u0131cakl\u0131klar\u0131 do\u011fan\u0131n dengesini \u015fa\u015f\u0131rtt\u0131. \u015eubat ay\u0131nda etkili olan \u0131l\u0131k ve g\u00fcne\u015fli hava dalgas\u0131 nedeniyle \u015fehir merkezinin yan\u0131 s\u0131ra sahil ve orta kesimdeki il\u00e7elerde de baz\u0131 meyve a\u011fa\u00e7lar\u0131 erken \u00e7i\u00e7ek a\u00e7t\u0131.<\/p>\n<p>Yalanc\u0131 bahara aldanan \u015feftali badem ve erik a\u011fa\u00e7lar\u0131 pembe-beyaz \u00e7i\u00e7eklerle kaplanarak bahar aylar\u0131n\u0131 and\u0131ran g\u00f6r\u00fcnt\u00fcler olu\u015fturdu. Normal \u015fartlarda yakla\u015f\u0131k bir ay sonra \u00e7i\u00e7eklenmesi beklenen a\u011fa\u00e7lar\u0131n k\u0131\u015f ortas\u0131nda tomurcuklanmas\u0131, bahar manzaras\u0131n\u0131 and\u0131ran g\u00f6r\u00fcnt\u00fcler ortaya \u00e7\u0131kard\u0131.<\/p>\n<p>&quot;MEYVE VERMESE DE \u00c7\u0130\u00c7EKLER\u0130N G\u00d6RSEL\u0130 YET\u0130YOR&quot;<\/p>\n<p>G\u00fcne\u015fli hava ile birlikte meyve a\u011fa\u00e7lar\u0131n\u0131n erkenden \u00e7i\u00e7ek a\u00e7t\u0131\u011f\u0131n\u0131 belirten Mehmet Ayd\u0131n, &quot;Zaman\u0131 de\u011fil ama \u015fuanda \u00e7i\u00e7ek a\u00e7t\u0131lar. Badem a\u011fac\u0131n\u0131 dikeli yakla\u015f\u0131k 3 sene oldu. \u015euana kadar meyve vermedi, \u015fimdi de \u00e7ok g\u00fczel \u00e7i\u00e7e\u011fi var. Yalanc\u0131 bahara aldand\u0131 ve bana meyvesi de yanacak gibi geliyor. Ama meyve olmasa dahi \u015fuan i\u00e7in g\u00f6r\u00fcnt\u00fcs\u00fc yeterli. Normalde bir ay sonra \u00e7i\u00e7ek a\u00e7mas\u0131 gerekirdi, hava s\u0131cakl\u0131\u011f\u0131 \u015fa\u015f\u0131rtt\u0131. Havalar so\u011fuk giderse meyvesi yanacak&quot; dedi.<\/p>\n<p>T\u00fcrkiye g\u00fcndeminden son dakika haberleri, bug\u00fcn ya\u015fanan en son geli\u015fmeler, siyaset g\u00fcndeminden g\u00fcncel haberler ve b\u00fct\u00fcn son&#8230;<\/p>\n","protected":false},"excerpt":{"rendered":"<p>Ordu&#8217;da so\u011fuk havalar\u0131n ard\u0131ndan h\u0131zl\u0131 \u015fekilde y\u00fckselen s\u0131cakl\u0131klar yalanc\u0131 baharla birlikte meyve a\u011fa\u00e7lar\u0131n\u0131n \u00e7i\u00e7ek a\u00e7mas\u0131na neden oldu.<\/p>\n","protected":false},"author":2,"featured_media":2532,"comment_status":"open","ping_status":"open","sticky":false,"template":"","format":"standard","meta":{"footnotes":""},"categories":[8,6,5],"tags":[],"class_list":["post-2533","post","type-post","status-publish","format-standard","has-post-thumbnail","hentry","category-arsiv","category-gundem","category-son-dakika"],"_links":{"self":[{"href":"https:\/\/eskigazeteci.com\/index.php?rest_route=\/wp\/v2\/posts\/2533","targetHints":{"allow":["GET"]}}],"collection":[{"href":"https:\/\/eskigazeteci.com\/index.php?rest_route=\/wp\/v2\/posts"}],"about":[{"href":"https:\/\/eskigazeteci.com\/index.php?rest_route=\/wp\/v2\/types\/post"}],"author":[{"embeddable":true,"href":"https:\/\/eskigazeteci.com\/index.php?rest_route=\/wp\/v2\/users\/2"}],"replies":[{"embeddable":true,"href":"https:\/\/eskigazeteci.com\/index.php?rest_route=%2Fwp%2Fv2%2Fcomments&post=2533"}],"version-history":[{"count":0,"href":"https:\/\/eskigazeteci.com\/index.php?rest_route=\/wp\/v2\/posts\/2533\/revisions"}],"wp:featuredmedia":[{"embeddable":true,"href":"https:\/\/eskigazeteci.com\/index.php?rest_route=\/wp\/v2\/media\/2532"}],"wp:attachment":[{"href":"https:\/\/eskigazeteci.com\/index.php?rest_route=%2Fwp%2Fv2%2Fmedia&parent=2533"}],"wp:term":[{"taxonomy":"category","embeddable":true,"href":"https:\/\/eskigazeteci.com\/index.php?rest_route=%2Fwp%2Fv2%2Fcategories&post=2533"},{"taxonomy":"post_tag","embeddable":true,"href":"https:\/\/eskigazeteci.com\/index.php?rest_route=%2Fwp%2Fv2%2Ftags&post=2533"}],"curies":[{"name":"wp","href":"https:\/\/api.w.org\/{rel}","templated":true}]}}