{"id":2529,"date":"2026-02-20T13:50:43","date_gmt":"2026-02-20T13:50:43","guid":{"rendered":"https:\/\/eskigazeteci.com\/?p=2529"},"modified":"2026-02-20T13:50:43","modified_gmt":"2026-02-20T13:50:43","slug":"su-hayatta-bir-tek-istegi-vardi-son-nefesinde-o-da-gerceklesti","status":"publish","type":"post","link":"https:\/\/eskigazeteci.com\/?p=2529","title":{"rendered":"\u015eu hayatta bir tek iste\u011fi vard\u0131&#8230; Son nefesinde o da ger\u00e7ekle\u015fti!"},"content":{"rendered":"<p>Bu \u00e7iftler, \u00e7evrelerine de hem mutluluk yayar hem de ilham kayna\u011f\u0131 olur. Ama b\u00f6yle a\u015fklar ya\u015fayanlar g\u00f6z \u00f6n\u00fcndeki \u00fcnl\u00fcler olunca durum de\u011fi\u015fir. Onlar\u0131n \u00f6yk\u00fclerini herkes bilir&#8230;<\/p>\n<p>Milyonlar tan\u0131k olur ya\u015fad\u0131klar\u0131na.<\/p>\n<p>EN B\u00dcY\u00dcK D\u0130LE\u011e\u0130 KARISINDAN \u00d6NCE \u00d6LMEKT\u0130 T\u00fcrk sinemas\u0131n\u0131n bir de\u011fil birka\u00e7 d\u00f6nemine damgas\u0131n\u0131 vuran C\u00fcneyt Ark\u0131n ile kar\u0131s\u0131 Bet\u00fcl Han\u0131m&#x27;\u0131n a\u015fk\u0131 da bunlardan biriydi i\u015fte.<\/p>\n<p>1972 y\u0131l\u0131nda ba\u015flayan evlilikleri, 2022 y\u0131l\u0131nda C\u00fcneyt Ark\u0131n&#x27;\u0131n \u00f6l\u00fcm\u00fcne kadar s\u00fcrd\u00fc. Bir ba\u015fka deyi\u015fle \u00fcnl\u00fc oyuncunun bu d\u00fcnyadaki en b\u00fcy\u00fck iste\u011fi ger\u00e7ek oldu.<\/p>\n<p>Ark\u0131n hep &quot;Bet\u00fcl&#x27;den \u00f6nce \u00f6lmek isterim&quot; derdi ve bu duas\u0131 kabul edildi.<\/p>\n<p>Kar\u0131s\u0131 Bet\u00fcl ile tam 50 y\u0131l boyunca evli kald\u0131 Ark\u0131n. Bu s\u00fcre i\u00e7inde iki tane erkek evlatlar\u0131 d\u00fcnyaya geldi. Hatta C\u00fcneyt Ark\u0131n hayata veda etmeden \u00f6nce gelinlerini g\u00f6rme mutlulu\u011funu da ya\u015fad\u0131.<\/p>\n<p>\u0130ster misiniz sadece filmleriyle de\u011fil ya\u015fad\u0131\u011f\u0131 evlilikle de haf\u0131zalarda yer eden C\u00fcneyt Ark\u0131n ile kar\u0131s\u0131n\u0131n dillere destan \u00f6yk\u00fcs\u00fcn\u00fc bir hat\u0131rlayal\u0131m.<\/p>\n<p>Ama bu k\u0131sma ge\u00e7meden \u00f6nce C\u00fcneyt Ark\u0131n&#x27;\u0131n ger\u00e7ek ad\u0131n\u0131n Fahrettin C\u00fcreklibatur oldu\u011funu ve kar\u0131s\u0131n\u0131n da onu ger\u00e7ek ad\u0131yla \u00e7a\u011f\u0131rd\u0131\u011f\u0131n\u0131 hat\u0131rlatal\u0131m. Bu tercihi de onun, milyonlar\u0131n kamera kar\u015f\u0131s\u0131ndaki halini tan\u0131y\u0131p bildi\u011fi o&#8230;<\/p>\n","protected":false},"excerpt":{"rendered":"<p>Elbette s\u0131radan insanlar aras\u0131nda da vard\u0131r b\u00f6yle \u00f6yk\u00fcler. Ama bunu sadece kendileri bir de yak\u0131n \u00e7evreleri bilir&#8230; Evlendikleri g\u00fcn birbirlerine verdikleri&#8230;<\/p>\n","protected":false},"author":2,"featured_media":2528,"comment_status":"open","ping_status":"open","sticky":false,"template":"","format":"standard","meta":{"footnotes":""},"categories":[8,6,5],"tags":[],"class_list":["post-2529","post","type-post","status-publish","format-standard","has-post-thumbnail","hentry","category-arsiv","category-gundem","category-son-dakika"],"_links":{"self":[{"href":"https:\/\/eskigazeteci.com\/index.php?rest_route=\/wp\/v2\/posts\/2529","targetHints":{"allow":["GET"]}}],"collection":[{"href":"https:\/\/eskigazeteci.com\/index.php?rest_route=\/wp\/v2\/posts"}],"about":[{"href":"https:\/\/eskigazeteci.com\/index.php?rest_route=\/wp\/v2\/types\/post"}],"author":[{"embeddable":true,"href":"https:\/\/eskigazeteci.com\/index.php?rest_route=\/wp\/v2\/users\/2"}],"replies":[{"embeddable":true,"href":"https:\/\/eskigazeteci.com\/index.php?rest_route=%2Fwp%2Fv2%2Fcomments&post=2529"}],"version-history":[{"count":0,"href":"https:\/\/eskigazeteci.com\/index.php?rest_route=\/wp\/v2\/posts\/2529\/revisions"}],"wp:featuredmedia":[{"embeddable":true,"href":"https:\/\/eskigazeteci.com\/index.php?rest_route=\/wp\/v2\/media\/2528"}],"wp:attachment":[{"href":"https:\/\/eskigazeteci.com\/index.php?rest_route=%2Fwp%2Fv2%2Fmedia&parent=2529"}],"wp:term":[{"taxonomy":"category","embeddable":true,"href":"https:\/\/eskigazeteci.com\/index.php?rest_route=%2Fwp%2Fv2%2Fcategories&post=2529"},{"taxonomy":"post_tag","embeddable":true,"href":"https:\/\/eskigazeteci.com\/index.php?rest_route=%2Fwp%2Fv2%2Ftags&post=2529"}],"curies":[{"name":"wp","href":"https:\/\/api.w.org\/{rel}","templated":true}]}}