{"id":2525,"date":"2026-02-20T13:32:17","date_gmt":"2026-02-20T13:32:17","guid":{"rendered":"https:\/\/eskigazeteci.com\/?p=2525"},"modified":"2026-02-20T13:32:17","modified_gmt":"2026-02-20T13:32:17","slug":"erzurum-iftar-vakti-ve-sahur-saati-diyanet-ramazan-imsakiye-2026","status":"publish","type":"post","link":"https:\/\/eskigazeteci.com\/?p=2525","title":{"rendered":"ERZURUM \u0130FTAR VAKT\u0130 VE SAHUR SAAT\u0130- D\u0130YANET RAMAZAN \u0130MSAK\u0130YE 2026"},"content":{"rendered":"<p>\u0130ftar ve Sahur vakitlerini H\u00fcrriyet uygulamas\u0131 ile takip edin!<\/p>\n<p>H\u00fcrriyet App<\/p>\n<p>Web<\/p>\n<p>Erzurum iftar ve imsak vakti, Diyanet Ramazan \u0130msakiyesi ile sorgulan\u0131yor. Oru\u00e7 ibadetini yerine getirenler imsak vakti ile Erzurum imsakiye 2026 bilgisine g\u00f6re sahur yapacak. Ramazan ay\u0131 ile bu sene 29 g\u00fcn oru\u00e7 tutulacak. Oru\u00e7 ibadetini yerine getirenler, Erzurum sahur vakti 2026 aramalar\u0131n\u0131 yo\u011funla\u015ft\u0131rd\u0131. Peki Erzurum sahur saat ka\u00e7ta, imsak vakti ezan ne zaman okunacak? \u0130\u015fte 29 g\u00fcnl\u00fck Diyanet Ramazan imsakiye Erzurum iftar ve sahur (imsak) saatleri 2026!<\/p>\n<p>Erzurum iftar ve imsak vakti, Diyanet Ramazan \u0130msakiyesi ile sorgulan\u0131yor. Oru\u00e7 ibadetini yerine getirenler imsak vakti ile Erzurum imsakiye 2026 bilgisine g\u00f6re sahur yapacak. Ramazan ay\u0131 ile bu sene 29 g\u00fcn oru\u00e7 tutulacak. Oru\u00e7 ibadetini yerine getirenler, Erzurum sahur vakti 2026 aramalar\u0131n\u0131 yo\u011funla\u015ft\u0131rd\u0131. Peki Erzurum sahur saat ka\u00e7ta, imsak vakti ezan ne zaman okunacak? \u0130\u015fte 29 g\u00fcnl\u00fck Diyanet Ramazan imsakiye Erzurum iftar ve sahur (imsak) saatleri 2026!<\/p>\n<p>Erzurum&#x27;da Ramazan&#x27;\u0131n ilk g\u00fcn\u00fc iftar 18:02&#x27;de olacak. RAMAZAN \u0130MSAK\u0130YES\u0130 2026 \u0130\u00c7\u0130N TIKLAYINIZ<\/p>\n<p>Erzurum&#x27;da Ramazan&#x27;\u0131n ilk g\u00fcn\u00fc iftar 18:02&#x27;de olacak.<\/p>\n<p>RAMAZAN \u0130MSAK\u0130YES\u0130 2026 \u0130\u00c7\u0130N&#8230;<\/p>\n","protected":false},"excerpt":{"rendered":"<p>Diyanet Erzurum imsakiye 2026 Erzurum iftar saati ve imsak vakti oru\u00e7 ibadetlerini yerine getirecek olan M\u00fcsl\u00fcman alemi taraf\u0131ndan ara\u015ft\u0131r\u0131l\u0131yor. Erzurum&#8230;<\/p>\n","protected":false},"author":2,"featured_media":2524,"comment_status":"open","ping_status":"open","sticky":false,"template":"","format":"standard","meta":{"footnotes":""},"categories":[8,6,5],"tags":[],"class_list":["post-2525","post","type-post","status-publish","format-standard","has-post-thumbnail","hentry","category-arsiv","category-gundem","category-son-dakika"],"_links":{"self":[{"href":"https:\/\/eskigazeteci.com\/index.php?rest_route=\/wp\/v2\/posts\/2525","targetHints":{"allow":["GET"]}}],"collection":[{"href":"https:\/\/eskigazeteci.com\/index.php?rest_route=\/wp\/v2\/posts"}],"about":[{"href":"https:\/\/eskigazeteci.com\/index.php?rest_route=\/wp\/v2\/types\/post"}],"author":[{"embeddable":true,"href":"https:\/\/eskigazeteci.com\/index.php?rest_route=\/wp\/v2\/users\/2"}],"replies":[{"embeddable":true,"href":"https:\/\/eskigazeteci.com\/index.php?rest_route=%2Fwp%2Fv2%2Fcomments&post=2525"}],"version-history":[{"count":0,"href":"https:\/\/eskigazeteci.com\/index.php?rest_route=\/wp\/v2\/posts\/2525\/revisions"}],"wp:featuredmedia":[{"embeddable":true,"href":"https:\/\/eskigazeteci.com\/index.php?rest_route=\/wp\/v2\/media\/2524"}],"wp:attachment":[{"href":"https:\/\/eskigazeteci.com\/index.php?rest_route=%2Fwp%2Fv2%2Fmedia&parent=2525"}],"wp:term":[{"taxonomy":"category","embeddable":true,"href":"https:\/\/eskigazeteci.com\/index.php?rest_route=%2Fwp%2Fv2%2Fcategories&post=2525"},{"taxonomy":"post_tag","embeddable":true,"href":"https:\/\/eskigazeteci.com\/index.php?rest_route=%2Fwp%2Fv2%2Ftags&post=2525"}],"curies":[{"name":"wp","href":"https:\/\/api.w.org\/{rel}","templated":true}]}}