{"id":2521,"date":"2026-02-20T13:22:16","date_gmt":"2026-02-20T13:22:16","guid":{"rendered":"https:\/\/eskigazeteci.com\/?p=2521"},"modified":"2026-02-20T13:22:16","modified_gmt":"2026-02-20T13:22:16","slug":"cumhurbaskani-erdogan-cevre-bilinci-vatan-bilincidir","status":"publish","type":"post","link":"https:\/\/eskigazeteci.com\/?p=2521","title":{"rendered":"Cumhurba\u015fkan\u0131 Erdo\u011fan: \u00c7evre bilinci, vatan bilincidir"},"content":{"rendered":"<p>\u0130\u015fte Cumhurba\u015fkan\u0131 Erdo\u011fan &#x27;\u0131n a\u00e7\u0131klamalar\u0131ndan sat\u0131r ba\u015flar\u0131:<\/p>\n<p>&quot;Aziz \u0130stanbullular, Cemre Vakf\u0131n\u0131n k\u0131ymetli insanlar\u0131, sayg\u0131 de\u011fer misafirler m\u00fcbarek Ramazan&#x27;\u0131 \u015eerifte sizlerle olmaktan mutluluk duyuyorum. \u0130kinci g\u00fcn\u00fcn\u00fc idrak etti\u011fimiz Ramazan&#x27;\u0131 \u015eerifimizin t\u00fcm insano\u011fluna hay\u0131rlar getirmesini rabbimden niyaz ediyorum.<\/p>\n<p>G\u00f6zlerinin \u0131\u015f\u0131lt\u0131s\u0131 y\u00fcre\u011fimi \u0131s\u0131tan gelece\u011fe dair umutlar\u0131m\u0131 b\u00fcy\u00fcten siz gen\u00e7 arkada\u015flar\u0131mla birlikte T\u00fcrkiye\u2019nin sorumluluk sahibi t\u00fcm gen\u00e7lerini burada sayg\u0131yla selaml\u0131yorum. Bu anlaml\u0131 program vesilesiyle bug\u00fcn \u00fclkemizin 81 iline yar\u0131n d\u00fcnyan\u0131n d\u00f6rt bir yan\u0131na d\u00fc\u015fece\u011fine inand\u0131m siz Cemrelerle beraber olmaktan b\u00fcy\u00fck bir bahtiyarla\u015f\u0131yor sizi heyecan payla\u015fmak sizinle ufka bakmak birlikte y\u00fcr\u00fcmek benim i\u00e7in ayr\u0131 bir gururdur mutluluklar\u0131n en b\u00fcy\u00fc\u011f\u00fcd\u00fcr. Vakf\u0131m\u0131z\u0131n Hayri Ba\u015fkan\u0131 Samsun Milletvekilimiz \u00c7i\u011fdem Karaaslan\u2018\u0131 tebrik ediyorum.<\/p>\n<p>Sizlere bak\u0131nca tabiatla ayn\u0131 dili konu\u015fan bir hassasiyeti \u00f6z\u00fc hakka ve hakikate giden bir inceli\u011fi g\u00f6r\u00fcyorum. Sizlere bak\u0131nca benim sad\u0131k yarim kara toprakt\u0131r diyerek k\u00fclt\u00fcr\u00fcm\u00fcz\u00fcn varl\u0131kla ba\u011f\u0131n\u0131 sanata d\u00f6n\u00fc\u015ft\u00fcren A\u015f\u0131k Veysel\u2019deki idrak derinli\u011fini g\u00f6r\u00fcyorum. Sizlere bak\u0131nca sadece do\u011fal afetlerde h\u0131z\u0131r gibi yeti\u015fen g\u00f6n\u00fcl el\u00e7ileri&#8230;<\/p>\n","protected":false},"excerpt":{"rendered":"<p>Cumhurba\u015fkan\u0131 Recep Tayyip Erdo\u011fan, Atat\u00fcrk K\u00fclt\u00fcr Merkezi&#8217;nde Cemre Vakf\u0131 Tan\u0131t\u0131m Program\u0131nda a\u00e7\u0131klamalarda bulundu. Cumhurba\u015fkan\u0131 Erdo\u011fan, \u00c7evre bilinci&#8230;<\/p>\n","protected":false},"author":2,"featured_media":2520,"comment_status":"open","ping_status":"open","sticky":false,"template":"","format":"standard","meta":{"footnotes":""},"categories":[8,6,5],"tags":[],"class_list":["post-2521","post","type-post","status-publish","format-standard","has-post-thumbnail","hentry","category-arsiv","category-gundem","category-son-dakika"],"_links":{"self":[{"href":"https:\/\/eskigazeteci.com\/index.php?rest_route=\/wp\/v2\/posts\/2521","targetHints":{"allow":["GET"]}}],"collection":[{"href":"https:\/\/eskigazeteci.com\/index.php?rest_route=\/wp\/v2\/posts"}],"about":[{"href":"https:\/\/eskigazeteci.com\/index.php?rest_route=\/wp\/v2\/types\/post"}],"author":[{"embeddable":true,"href":"https:\/\/eskigazeteci.com\/index.php?rest_route=\/wp\/v2\/users\/2"}],"replies":[{"embeddable":true,"href":"https:\/\/eskigazeteci.com\/index.php?rest_route=%2Fwp%2Fv2%2Fcomments&post=2521"}],"version-history":[{"count":0,"href":"https:\/\/eskigazeteci.com\/index.php?rest_route=\/wp\/v2\/posts\/2521\/revisions"}],"wp:featuredmedia":[{"embeddable":true,"href":"https:\/\/eskigazeteci.com\/index.php?rest_route=\/wp\/v2\/media\/2520"}],"wp:attachment":[{"href":"https:\/\/eskigazeteci.com\/index.php?rest_route=%2Fwp%2Fv2%2Fmedia&parent=2521"}],"wp:term":[{"taxonomy":"category","embeddable":true,"href":"https:\/\/eskigazeteci.com\/index.php?rest_route=%2Fwp%2Fv2%2Fcategories&post=2521"},{"taxonomy":"post_tag","embeddable":true,"href":"https:\/\/eskigazeteci.com\/index.php?rest_route=%2Fwp%2Fv2%2Ftags&post=2521"}],"curies":[{"name":"wp","href":"https:\/\/api.w.org\/{rel}","templated":true}]}}