{"id":2519,"date":"2026-02-20T13:20:43","date_gmt":"2026-02-20T13:20:43","guid":{"rendered":"https:\/\/eskigazeteci.com\/?p=2519"},"modified":"2026-02-20T13:20:43","modified_gmt":"2026-02-20T13:20:43","slug":"ona-uc-guzel-cocuk-verdi-ama-korkusu-hic-dinmedi-kocam-bir-gun-beni-terk-edecek-diye-odum-patliyor","status":"publish","type":"post","link":"https:\/\/eskigazeteci.com\/?p=2519","title":{"rendered":"Ona \u00fc\u00e7 g\u00fczel \u00e7ocuk verdi ama korkusu hi\u00e7 dinmedi: Kocam bir g\u00fcn beni terk edecek diye \u00f6d\u00fcm patl\u0131yor"},"content":{"rendered":"<p>Hem oyunculuk hem de m\u00fczik d\u00fcnyas\u0131nda kendine sa\u011flam bir yer edinen \u00fcnl\u00fc y\u0131ld\u0131z verdi\u011fi bir r\u00f6portajda terk edilmekten korktu\u011funu itiraf etti.<\/p>\n<p>38 ya\u015f\u0131ndaki Hilary Duff, d\u00fcn yay\u0131nlanan bir r\u00f6portajda Rolling Stone&#x27;a verdi\u011fi deme\u00e7te, kocas\u0131 i\u00e7in &quot;Matt&#x27;in beni birlikte \u00e7al\u0131\u015ft\u0131\u011f\u0131 haval\u0131 bir indie \u015fark\u0131 yazar\u0131 i\u00e7in terk edece\u011fini hep d\u00fc\u015f\u00fcn\u00fcyorum&quot; dedi ve bunun tekrarlayan bir k\u00e2bus haline gelip r\u00fcyalar\u0131na girdi\u011fini itiraf etti.<\/p>\n<p>Hilary Duff, kocas\u0131 Matthew Koma&#x27;n\u0131n bir g\u00fcn uyan\u0131p ba\u015fka biriyle birlikte olmak isteyebilece\u011finden s\u00fcrekli endi\u015felendi\u011fini a\u00e7\u0131klad\u0131\u011f\u0131 s\u0131rada yan\u0131nda e\u015fi de vard\u0131\u2026<\/p>\n<p>\u00dcnl\u00fc \u015fark\u0131c\u0131 bu g\u00fcvensizliklerini yeni \u015fark\u0131s\u0131 &quot;Holiday Party&quot;de dile getirdi ve \u015fark\u0131 s\u00f6zlerinde de a\u00e7\u0131k\u00e7a yazd\u0131: &quot;Kafamda ba\u015fka bir hayat ya\u015f\u0131yorsun \/ B\u00fct\u00fcn arkada\u015flar\u0131mla birlikte oluyorsun \/ Ve ba\u015fka birinin kar\u0131n olmas\u0131n\u0131 diliyorsun.&quot;<\/p>\n<p>R\u00f6portaj s\u0131ras\u0131nda kar\u0131s\u0131n\u0131n yan\u0131nda olan \u00fcnl\u00fc m\u00fczisyen Matthew Koma, kar\u0131s\u0131n\u0131n korkular\u0131n\u0131 h\u0131zla yat\u0131\u015ft\u0131rd\u0131 ve &quot;Bu \u00e7ok \u00e7\u0131lg\u0131nca&quot; dedi. Ancak 38 ya\u015f\u0131ndaki m\u00fczisyen &quot;Ama ayn\u0131 zamanda \u00e7ok ger\u00e7ek. Bunlar duygusal olarak tak\u0131l\u0131p kal\u0131nacak ger\u00e7ek \u015feylere d\u00f6n\u00fc\u015febilir.&quot; diye eklemeyi de ihmal etmedi.<\/p>\n<p>\u00c7ift, ilk olarak 2017&#x27;de Koma&#x27;n\u0131n menajeri taraf\u0131ndan tan\u0131\u015ft\u0131r\u0131lm\u0131\u015f&#8230;<\/p>\n","protected":false},"excerpt":{"rendered":"<p>Mutlu evlili\u011fi ve boy boy \u00e7ocuklar\u0131yla kurdu\u011fu g\u00fczel yuvas\u0131yla \u00fcnl\u00fcler d\u00fcnyas\u0131nda adeta parmakla g\u00f6sterilen y\u0131ld\u0131z ismin kocas\u0131yla ilgili \u00e7arp\u0131c\u0131 itiraf\u0131&#8230;<\/p>\n","protected":false},"author":2,"featured_media":2518,"comment_status":"open","ping_status":"open","sticky":false,"template":"","format":"standard","meta":{"footnotes":""},"categories":[8,6,5],"tags":[],"class_list":["post-2519","post","type-post","status-publish","format-standard","has-post-thumbnail","hentry","category-arsiv","category-gundem","category-son-dakika"],"_links":{"self":[{"href":"https:\/\/eskigazeteci.com\/index.php?rest_route=\/wp\/v2\/posts\/2519","targetHints":{"allow":["GET"]}}],"collection":[{"href":"https:\/\/eskigazeteci.com\/index.php?rest_route=\/wp\/v2\/posts"}],"about":[{"href":"https:\/\/eskigazeteci.com\/index.php?rest_route=\/wp\/v2\/types\/post"}],"author":[{"embeddable":true,"href":"https:\/\/eskigazeteci.com\/index.php?rest_route=\/wp\/v2\/users\/2"}],"replies":[{"embeddable":true,"href":"https:\/\/eskigazeteci.com\/index.php?rest_route=%2Fwp%2Fv2%2Fcomments&post=2519"}],"version-history":[{"count":0,"href":"https:\/\/eskigazeteci.com\/index.php?rest_route=\/wp\/v2\/posts\/2519\/revisions"}],"wp:featuredmedia":[{"embeddable":true,"href":"https:\/\/eskigazeteci.com\/index.php?rest_route=\/wp\/v2\/media\/2518"}],"wp:attachment":[{"href":"https:\/\/eskigazeteci.com\/index.php?rest_route=%2Fwp%2Fv2%2Fmedia&parent=2519"}],"wp:term":[{"taxonomy":"category","embeddable":true,"href":"https:\/\/eskigazeteci.com\/index.php?rest_route=%2Fwp%2Fv2%2Fcategories&post=2519"},{"taxonomy":"post_tag","embeddable":true,"href":"https:\/\/eskigazeteci.com\/index.php?rest_route=%2Fwp%2Fv2%2Ftags&post=2519"}],"curies":[{"name":"wp","href":"https:\/\/api.w.org\/{rel}","templated":true}]}}