{"id":2515,"date":"2026-02-20T13:15:22","date_gmt":"2026-02-20T13:15:22","guid":{"rendered":"https:\/\/eskigazeteci.com\/?p=2515"},"modified":"2026-02-20T13:15:22","modified_gmt":"2026-02-20T13:15:22","slug":"ekranda-farkli-bir-soluk-bir-ramazan-aksami","status":"publish","type":"post","link":"https:\/\/eskigazeteci.com\/?p=2515","title":{"rendered":"Ekranda farkl\u0131 bir soluk: Bir ramazan ak\u015fam\u0131\u2019"},"content":{"rendered":"<p>\u201cHERKES\u0130 EKRANA BEKL\u0130YORUZ\u201d<\/p>\n<p>Demir\u00f6ren Medya TV Grup Ba\u015fkan\u0131 Murat Yanc\u0131, haz\u0131rl\u0131k s\u00fcrecini CNN T\u00fcrk\u2019e anlatt\u0131. Aylar \u00f6ncesinden kalabal\u0131k bir ekiple haz\u0131rl\u0131klara ba\u015flad\u0131klar\u0131n\u0131 belirten Yanc\u0131, \u201c Cumhurba\u015fkanl\u0131\u011f\u0131 K\u00fclliyesi \u2019nde ge\u00e7en y\u0131l ba\u015flayan \u2018K\u00fclliye\u2019de Ramazan\u2019 etkinlikleri kapsam\u0131nda Kanal D olarak biz de yerimizi ald\u0131k. Ramazan boyunca bu \u00f6zel st\u00fcdyoda \u00e7ok keyifli sohbetler ger\u00e7ekle\u015fecek, di\u011fer co\u011frafyalardaki atmosferin de ekrana yans\u0131t\u0131laca\u011f\u0131 bir program olacak. Caminin do\u011fal g\u00f6r\u00fcnt\u00fcs\u00fcn\u00fcn yan\u0131 s\u0131ra nostaljik bir ramazan atmosferi ya\u015fatmak ad\u0131na hem k\u00fct\u00fcphane hem de ev g\u00f6r\u00fcn\u00fcm\u00fcnde \u00e7ok \u00f6zel cam st\u00fcdyodan bir platform kurduk. Ramazan boyunca iftar sofralar\u0131na bu \u00f6zel st\u00fcdyomuzdan konuk olaca\u011f\u0131z. Herkesi Kanal D\u2019ye ekran ba\u015f\u0131na bekliyoruz\u201d dedi.<\/p>\n<p>RAMAZAN CO\u011eRAFYASI<\/p>\n<p>Bir Ramazan Ak\u015fam\u0131\u2019na T\u00fcrkiye\u2019nin d\u00f6rt bir yan\u0131ndan canl\u0131 ba\u011flant\u0131lar\u0131n yan\u0131 s\u0131ra \u00fcnl\u00fc sanat\u00e7\u0131lar ve akademisyenlerden de konuk olaca\u011f\u0131n\u0131 belirten Murat Yanc\u0131, \u2018Milletin Evi\u2019 dedi\u011fimiz bu mek\u00e2ndan yaln\u0131zca k\u00fclliyedeki atmosferi de\u011fil, \u0130slam co\u011frafyas\u0131n\u0131n farkl\u0131 noktalar\u0131ndaki ramazan heyecan\u0131n\u0131 da ekrana ta\u015f\u0131yaca\u011f\u0131z. \u015eam, Washington, Paris ve Saray Bosna gibi d\u00fcnyan\u0131n d\u00f6rt bir yan\u0131ndan canl\u0131 ba\u011flant\u0131lar da&#8230;<\/p>\n","protected":false},"excerpt":{"rendered":"<p>Kanal D\u2019de Serdar Er\u2019in sunumuyla ramazan boyunca her g\u00fcn iftar saatinde Cumhurba\u015fkanl\u0131\u011f\u0131 K\u00fclliyesi\u2019nden canl\u0131 yay\u0131nlanan \u201cBir Ramazan Ak\u015fam\u0131\u201d program\u0131&#8230;<\/p>\n","protected":false},"author":2,"featured_media":2514,"comment_status":"open","ping_status":"open","sticky":false,"template":"","format":"standard","meta":{"footnotes":""},"categories":[8,6,5],"tags":[],"class_list":["post-2515","post","type-post","status-publish","format-standard","has-post-thumbnail","hentry","category-arsiv","category-gundem","category-son-dakika"],"_links":{"self":[{"href":"https:\/\/eskigazeteci.com\/index.php?rest_route=\/wp\/v2\/posts\/2515","targetHints":{"allow":["GET"]}}],"collection":[{"href":"https:\/\/eskigazeteci.com\/index.php?rest_route=\/wp\/v2\/posts"}],"about":[{"href":"https:\/\/eskigazeteci.com\/index.php?rest_route=\/wp\/v2\/types\/post"}],"author":[{"embeddable":true,"href":"https:\/\/eskigazeteci.com\/index.php?rest_route=\/wp\/v2\/users\/2"}],"replies":[{"embeddable":true,"href":"https:\/\/eskigazeteci.com\/index.php?rest_route=%2Fwp%2Fv2%2Fcomments&post=2515"}],"version-history":[{"count":0,"href":"https:\/\/eskigazeteci.com\/index.php?rest_route=\/wp\/v2\/posts\/2515\/revisions"}],"wp:featuredmedia":[{"embeddable":true,"href":"https:\/\/eskigazeteci.com\/index.php?rest_route=\/wp\/v2\/media\/2514"}],"wp:attachment":[{"href":"https:\/\/eskigazeteci.com\/index.php?rest_route=%2Fwp%2Fv2%2Fmedia&parent=2515"}],"wp:term":[{"taxonomy":"category","embeddable":true,"href":"https:\/\/eskigazeteci.com\/index.php?rest_route=%2Fwp%2Fv2%2Fcategories&post=2515"},{"taxonomy":"post_tag","embeddable":true,"href":"https:\/\/eskigazeteci.com\/index.php?rest_route=%2Fwp%2Fv2%2Ftags&post=2515"}],"curies":[{"name":"wp","href":"https:\/\/api.w.org\/{rel}","templated":true}]}}