{"id":2513,"date":"2026-02-20T13:13:49","date_gmt":"2026-02-20T13:13:49","guid":{"rendered":"https:\/\/eskigazeteci.com\/?p=2513"},"modified":"2026-02-20T13:13:49","modified_gmt":"2026-02-20T13:13:49","slug":"hindistanda-anne-ve-bebegi-cadilik-iddiasiyla-olduruldu","status":"publish","type":"post","link":"https:\/\/eskigazeteci.com\/?p=2513","title":{"rendered":"Hindistan&#8217;da anne ve bebe\u011fi cad\u0131l\u0131k iddias\u0131yla \u00f6ld\u00fcr\u00fcld\u00fc"},"content":{"rendered":"<p>BBC&#x27;nin haberine g\u00f6re, eyalete ba\u011fl\u0131 Bat\u0131 Singhbhum il\u00e7esinin Kudsai mezras\u0131nda cad\u0131l\u0131k yapt\u0131\u011f\u0131 iddia edilen kad\u0131n, k\u00f6ydeki bir ki\u015finin ve baz\u0131 hayvanlar\u0131n \u00f6l\u00fcm\u00fcnden sorumlu tutularak hedef al\u0131nd\u0131.<\/p>\n<p>Yakla\u015f\u0131k 12 ki\u015filik bir grup, gece saatlerinde eve bask\u0131n d\u00fczenleyerek kad\u0131n\u0131 ve 10 ayl\u0131k bebe\u011fini yakarak \u00f6ld\u00fcrd\u00fc.<\/p>\n<p>Yetkililere g\u00f6re sald\u0131r\u0131da kad\u0131n\u0131n e\u015fi de a\u011f\u0131r yaralanarak hastaneye kald\u0131r\u0131ld\u0131.<\/p>\n<p>Polis, olayla ilgili 4 ki\u015finin g\u00f6zalt\u0131na al\u0131nd\u0131\u011f\u0131n\u0131 ve di\u011fer \u015f\u00fcphelilerin de arand\u0131\u011f\u0131n\u0131 bildirdi.<\/p>\n<p>Yetkililer, k\u0131rsal b\u00f6lgelerde bat\u0131l inan\u00e7 kaynakl\u0131 \u015fiddetin \u00f6nlenmesi i\u00e7in bilin\u00e7lendirme programlar\u0131 ba\u015flat\u0131laca\u011f\u0131n\u0131 duyurdu.<\/p>\n<p>Resmi verilere g\u00f6re Hindistan &#x27;da 2000-2016 y\u0131llar\u0131 aras\u0131nda \u00e7o\u011fu kad\u0131n olmak \u00fczere 2 binden fazla ki\u015fi cad\u0131l\u0131k su\u00e7lamas\u0131yla \u00f6ld\u00fcr\u00fcld\u00fc.<\/p>\n<p>Yurtd\u0131\u015f\u0131nda ya\u015fanan en son olaylar, d\u00fcnya g\u00fcndemine oturan d\u0131\u015f haberler, son dakika d\u00fcnya haberleri, di\u011fer d\u00fcnya \u00fclkelerinden g\u00fcncel haberler i\u00e7in T\u00fcrkiye&#x27;nin haber sitesi hurriyet.com.tr; Hurriyet.com.tr haber i\u00e7erikleri kaynak g\u00f6sterilmeden al\u0131nt\u0131 yap\u0131lamaz, Kanuna ayk\u0131r\u0131 ve izinsiz olarak kopyalanamaz, ba\u015fka yerde yay\u0131nlanamaz.<\/p>\n","protected":false},"excerpt":{"rendered":"<p>Hindistan\u2019\u0131n do\u011fusundaki Jharkhand eyaletinde, bir anne \u201ccad\u0131l\u0131k yapt\u0131\u011f\u0131\u201d iddias\u0131yla yak\u0131larak \u00f6ld\u00fcr\u00fcl\u00fcrken, 10 ayl\u0131k bebe\u011fi de olay s\u0131ras\u0131nda ya\u015fam\u0131n\u0131 yitirdi.<\/p>\n","protected":false},"author":2,"featured_media":2512,"comment_status":"open","ping_status":"open","sticky":false,"template":"","format":"standard","meta":{"footnotes":""},"categories":[8,6,5],"tags":[],"class_list":["post-2513","post","type-post","status-publish","format-standard","has-post-thumbnail","hentry","category-arsiv","category-gundem","category-son-dakika"],"_links":{"self":[{"href":"https:\/\/eskigazeteci.com\/index.php?rest_route=\/wp\/v2\/posts\/2513","targetHints":{"allow":["GET"]}}],"collection":[{"href":"https:\/\/eskigazeteci.com\/index.php?rest_route=\/wp\/v2\/posts"}],"about":[{"href":"https:\/\/eskigazeteci.com\/index.php?rest_route=\/wp\/v2\/types\/post"}],"author":[{"embeddable":true,"href":"https:\/\/eskigazeteci.com\/index.php?rest_route=\/wp\/v2\/users\/2"}],"replies":[{"embeddable":true,"href":"https:\/\/eskigazeteci.com\/index.php?rest_route=%2Fwp%2Fv2%2Fcomments&post=2513"}],"version-history":[{"count":0,"href":"https:\/\/eskigazeteci.com\/index.php?rest_route=\/wp\/v2\/posts\/2513\/revisions"}],"wp:featuredmedia":[{"embeddable":true,"href":"https:\/\/eskigazeteci.com\/index.php?rest_route=\/wp\/v2\/media\/2512"}],"wp:attachment":[{"href":"https:\/\/eskigazeteci.com\/index.php?rest_route=%2Fwp%2Fv2%2Fmedia&parent=2513"}],"wp:term":[{"taxonomy":"category","embeddable":true,"href":"https:\/\/eskigazeteci.com\/index.php?rest_route=%2Fwp%2Fv2%2Fcategories&post=2513"},{"taxonomy":"post_tag","embeddable":true,"href":"https:\/\/eskigazeteci.com\/index.php?rest_route=%2Fwp%2Fv2%2Ftags&post=2513"}],"curies":[{"name":"wp","href":"https:\/\/api.w.org\/{rel}","templated":true}]}}