{"id":2511,"date":"2026-02-20T13:12:16","date_gmt":"2026-02-20T13:12:16","guid":{"rendered":"https:\/\/eskigazeteci.com\/?p=2511"},"modified":"2026-02-20T13:12:16","modified_gmt":"2026-02-20T13:12:16","slug":"sanliurfa-iftar-vakti-ve-sahur-saati","status":"publish","type":"post","link":"https:\/\/eskigazeteci.com\/?p=2511","title":{"rendered":"\u015eANLIURFA \u0130FTAR VAKT\u0130 VE SAHUR SAAT\u0130"},"content":{"rendered":"<p>\u0130ftar ve Sahur vakitlerini H\u00fcrriyet uygulamas\u0131 ile takip edin!<\/p>\n<p>H\u00fcrriyet App<\/p>\n<p>Web<\/p>\n<p>\u015eanl\u0131urfa iftar vakti ve sahur saatleri, 2026 Ramazan \u0130msakiye ile sorgulan\u0131yor. Tam olarak saat bilgisi almak isteyenler, \u015eanl\u0131urfa iftar vakti ve ak\u015fam ezan\u0131 saati aramalar\u0131n\u0131 yo\u011funla\u015ft\u0131rd\u0131. Diyanet, 2026 Ramazan \u0130msakiyesini yay\u0131nlad\u0131. Vatanda\u015flar da bu do\u011frultuda 29 g\u00fcnl\u00fck \u015eanl\u0131urfa Ramazan imsakiyesi ile bulunduklar\u0131 ilin imsak ve iftar vakitlerini g\u00f6r\u00fcnt\u00fcleyebilecek. Peki, \u015eanl\u0131urfa iftar vakti saat ka\u00e7ta? Ezan ne zaman okunacak? \u0130\u015fte \u015eanl\u0131urfa ak\u015fam ezan\u0131 ve sabah ezan\u0131 saati 2026! \u015eANLIURFA RAMAZAN \u0130MSAK\u0130YES\u0130 2026 \u0130\u00c7\u0130N TIKLAYINIZ<\/p>\n<p>\u015eanl\u0131urfa iftar vakti ve sahur saatleri, 2026 Ramazan \u0130msakiye ile sorgulan\u0131yor. Tam olarak saat bilgisi almak isteyenler, \u015eanl\u0131urfa iftar vakti ve ak\u015fam ezan\u0131 saati aramalar\u0131n\u0131 yo\u011funla\u015ft\u0131rd\u0131. Diyanet, 2026 Ramazan \u0130msakiyesini yay\u0131nlad\u0131. Vatanda\u015flar da bu do\u011frultuda 29 g\u00fcnl\u00fck \u015eanl\u0131urfa Ramazan imsakiyesi ile bulunduklar\u0131 ilin imsak ve iftar vakitlerini g\u00f6r\u00fcnt\u00fcleyebilecek. Peki, \u015eanl\u0131urfa iftar vakti saat ka\u00e7ta? Ezan ne zaman okunacak? \u0130\u015fte \u015eanl\u0131urfa ak\u015fam ezan\u0131 ve sabah ezan\u0131 saati 2026!<\/p>\n<p>\u015eANLIURFA RAMAZAN \u0130MSAK\u0130YES\u0130 2026 \u0130\u00c7\u0130N TIKLAYINIZ<\/p>\n<p>\u015eanl\u0131urfa ramazan&#8230;<\/p>\n","protected":false},"excerpt":{"rendered":"<p>\u015eanl\u0131urfa iftar saati ve imsak vakti, Diyanet Ramazan \u0130msakiyesi ile sorgulan\u0131yor. Oru\u00e7 ibadetini yerine getirenler iftar vakti ile \u015eanl\u0131urfa imsakiye&#8230;<\/p>\n","protected":false},"author":2,"featured_media":2510,"comment_status":"open","ping_status":"open","sticky":false,"template":"","format":"standard","meta":{"footnotes":""},"categories":[8,6,5],"tags":[],"class_list":["post-2511","post","type-post","status-publish","format-standard","has-post-thumbnail","hentry","category-arsiv","category-gundem","category-son-dakika"],"_links":{"self":[{"href":"https:\/\/eskigazeteci.com\/index.php?rest_route=\/wp\/v2\/posts\/2511","targetHints":{"allow":["GET"]}}],"collection":[{"href":"https:\/\/eskigazeteci.com\/index.php?rest_route=\/wp\/v2\/posts"}],"about":[{"href":"https:\/\/eskigazeteci.com\/index.php?rest_route=\/wp\/v2\/types\/post"}],"author":[{"embeddable":true,"href":"https:\/\/eskigazeteci.com\/index.php?rest_route=\/wp\/v2\/users\/2"}],"replies":[{"embeddable":true,"href":"https:\/\/eskigazeteci.com\/index.php?rest_route=%2Fwp%2Fv2%2Fcomments&post=2511"}],"version-history":[{"count":0,"href":"https:\/\/eskigazeteci.com\/index.php?rest_route=\/wp\/v2\/posts\/2511\/revisions"}],"wp:featuredmedia":[{"embeddable":true,"href":"https:\/\/eskigazeteci.com\/index.php?rest_route=\/wp\/v2\/media\/2510"}],"wp:attachment":[{"href":"https:\/\/eskigazeteci.com\/index.php?rest_route=%2Fwp%2Fv2%2Fmedia&parent=2511"}],"wp:term":[{"taxonomy":"category","embeddable":true,"href":"https:\/\/eskigazeteci.com\/index.php?rest_route=%2Fwp%2Fv2%2Fcategories&post=2511"},{"taxonomy":"post_tag","embeddable":true,"href":"https:\/\/eskigazeteci.com\/index.php?rest_route=%2Fwp%2Fv2%2Ftags&post=2511"}],"curies":[{"name":"wp","href":"https:\/\/api.w.org\/{rel}","templated":true}]}}