{"id":2507,"date":"2026-02-20T13:00:41","date_gmt":"2026-02-20T13:00:41","guid":{"rendered":"https:\/\/eskigazeteci.com\/?p=2507"},"modified":"2026-02-20T13:00:41","modified_gmt":"2026-02-20T13:00:41","slug":"israilli-sirkete-savas-sucu-talebi-ingiltede-avukatlar-harekete-gecti","status":"publish","type":"post","link":"https:\/\/eskigazeteci.com\/?p=2507","title":{"rendered":"\u0130srailli \u015firkete sava\u015f su\u00e7u talebi: \u0130ngilte&#8217;de avukatlar harekete ge\u00e7ti"},"content":{"rendered":"<p>\u0130ngiltere&#x27;de baz\u0131 avukatlar, Metropolitan Polis Te\u015fkilat\u0131&#x27;n\u0131n ter\u00f6rle m\u00fccadele biriminden, Elbit Systems UK&#x27;nin mevcut ve eski y\u00f6neticilerinin sava\u015f su\u00e7lar\u0131na kar\u0131\u015fmas\u0131 nedeniyle soru\u015fturulmas\u0131n\u0131 talep eden resmi bir \u015fikayette bulundu.<\/p>\n<p>Silah Ticaretine Kar\u015f\u0131 Kampanya&#x27;n\u0131n (CAAT) destekledi\u011fi Kamu Yarar\u0131 Hukuk Merkezi&#x27;nden (PILC) avukatlar, Gazze&#x27;deki soyk\u0131r\u0131m\u0131n ba\u015flang\u0131c\u0131ndan bu yana \u00e7e\u015fitli d\u00f6nemlerde silah \u00fcreticisini y\u00f6neten 4 \u0130ngiliz vatanda\u015f\u0131 hakk\u0131nda soru\u015fturma ba\u015flat\u0131lmas\u0131n\u0131 istedi.<\/p>\n<p>\u015eikayette, Elbit Systems&#x27;in \u0130ngiltere&#x27;deki i\u015ftirakinin uluslararas\u0131 insanc\u0131l hukuk ihlallerinde bulundu\u011fu ve bunun BM kararlar\u0131 ve uluslararas\u0131 mahkemelerden elde edilen kan\u0131tlarla sabit oldu\u011fu belirtilerek, Metropolitan Polisi&#x27;nin sava\u015f ve soyk\u0131r\u0131m su\u00e7undan soru\u015fturma ba\u015flatmak i\u00e7in makul gerek\u00e7elere sahip oldu\u011fu ifade edildi.<\/p>\n<p>G\u00f6r\u00fc\u015f\u00fcne yer verilen PILC S\u00f6zc\u00fcs\u00fc, \u015fikayeti, ailesi Gazze\u2019de ya\u015fayan m\u00fcvekkillerinin ad\u0131na yapt\u0131klar\u0131n\u0131 belirtti.<\/p>\n<p>CAAT S\u00f6zc\u00fcs\u00fc de Elbit Systems olmadan Gazze&#x27;deki soyk\u0131r\u0131m\u0131n yap\u0131lamayaca\u011f\u0131na dikkati \u00e7ekerek, &quot;Elbit Systems, \u0130srail&#x27;in en b\u00fcy\u00fck silah \u00fcreticisidir. \u0130srail, Elbit \u00fcr\u00fcnlerinin en b\u00fcy\u00fck pazar\u0131d\u0131r. \u0130srail ordusu taraf\u0131ndan kullan\u0131lan sava\u015f dronlar\u0131n\u0131n y\u00fczde&#8230;<\/p>\n","protected":false},"excerpt":{"rendered":"<p>\u0130ngiltere&#8217;de baz\u0131 avukatlar, Gazze&#8217;de soyk\u0131r\u0131m yapan \u0130srail&#8217;e ait savunma \u015firketi Elbit Systems&#8217;in \u0130ngiltere&#8217;deki i\u015ftirakinde \u00e7e\u015fitli d\u00f6nemlerde y\u00f6netici&#8230;<\/p>\n","protected":false},"author":2,"featured_media":2506,"comment_status":"open","ping_status":"open","sticky":false,"template":"","format":"standard","meta":{"footnotes":""},"categories":[8,6,5],"tags":[],"class_list":["post-2507","post","type-post","status-publish","format-standard","has-post-thumbnail","hentry","category-arsiv","category-gundem","category-son-dakika"],"_links":{"self":[{"href":"https:\/\/eskigazeteci.com\/index.php?rest_route=\/wp\/v2\/posts\/2507","targetHints":{"allow":["GET"]}}],"collection":[{"href":"https:\/\/eskigazeteci.com\/index.php?rest_route=\/wp\/v2\/posts"}],"about":[{"href":"https:\/\/eskigazeteci.com\/index.php?rest_route=\/wp\/v2\/types\/post"}],"author":[{"embeddable":true,"href":"https:\/\/eskigazeteci.com\/index.php?rest_route=\/wp\/v2\/users\/2"}],"replies":[{"embeddable":true,"href":"https:\/\/eskigazeteci.com\/index.php?rest_route=%2Fwp%2Fv2%2Fcomments&post=2507"}],"version-history":[{"count":0,"href":"https:\/\/eskigazeteci.com\/index.php?rest_route=\/wp\/v2\/posts\/2507\/revisions"}],"wp:featuredmedia":[{"embeddable":true,"href":"https:\/\/eskigazeteci.com\/index.php?rest_route=\/wp\/v2\/media\/2506"}],"wp:attachment":[{"href":"https:\/\/eskigazeteci.com\/index.php?rest_route=%2Fwp%2Fv2%2Fmedia&parent=2507"}],"wp:term":[{"taxonomy":"category","embeddable":true,"href":"https:\/\/eskigazeteci.com\/index.php?rest_route=%2Fwp%2Fv2%2Fcategories&post=2507"},{"taxonomy":"post_tag","embeddable":true,"href":"https:\/\/eskigazeteci.com\/index.php?rest_route=%2Fwp%2Fv2%2Ftags&post=2507"}],"curies":[{"name":"wp","href":"https:\/\/api.w.org\/{rel}","templated":true}]}}