{"id":2505,"date":"2026-02-20T12:52:13","date_gmt":"2026-02-20T12:52:13","guid":{"rendered":"https:\/\/eskigazeteci.com\/?p=2505"},"modified":"2026-02-20T12:52:13","modified_gmt":"2026-02-20T12:52:13","slug":"kadikoyde-park-yeri-kavgasi-burasi-evimin-onu-defol-cik","status":"publish","type":"post","link":"https:\/\/eskigazeteci.com\/?p=2505","title":{"rendered":"Kad\u0131k\u00f6y&#8217;de park yeri kavgas\u0131: &#8216;Buras\u0131 evimin \u00f6n\u00fc, defol \u00e7\u0131k&#8217;"},"content":{"rendered":"<p>Kad\u0131k\u00f6y\u2019de evinin \u00f6n\u00fcne park etti\u011fi gerek\u00e7esiyle hafif ticari ara\u00e7 s\u00fcr\u00fcc\u00fcs\u00fcyle, kad\u0131n s\u00fcr\u00fcc\u00fc aras\u0131nda tart\u0131\u015fma \u00e7\u0131kt\u0131. Kad\u0131n s\u00fcr\u00fcc\u00fc di\u011fer s\u00fcr\u00fcc\u00fcye ba\u011f\u0131r\u0131p&#8230;<\/p>\n","protected":false},"excerpt":{"rendered":"<p>Kad\u0131k\u00f6y\u2019de evinin \u00f6n\u00fcne park etti\u011fi gerek\u00e7esiyle hafif ticari ara\u00e7 s\u00fcr\u00fcc\u00fcs\u00fcyle, kad\u0131n s\u00fcr\u00fcc\u00fc aras\u0131nda tart\u0131\u015fma \u00e7\u0131kt\u0131. Kad\u0131n s\u00fcr\u00fcc\u00fc di\u011fer s\u00fcr\u00fcc\u00fcye ba\u011f\u0131r\u0131p&#8230;<\/p>\n","protected":false},"author":2,"featured_media":2504,"comment_status":"open","ping_status":"open","sticky":false,"template":"","format":"standard","meta":{"footnotes":""},"categories":[8,6,5],"tags":[],"class_list":["post-2505","post","type-post","status-publish","format-standard","has-post-thumbnail","hentry","category-arsiv","category-gundem","category-son-dakika"],"_links":{"self":[{"href":"https:\/\/eskigazeteci.com\/index.php?rest_route=\/wp\/v2\/posts\/2505","targetHints":{"allow":["GET"]}}],"collection":[{"href":"https:\/\/eskigazeteci.com\/index.php?rest_route=\/wp\/v2\/posts"}],"about":[{"href":"https:\/\/eskigazeteci.com\/index.php?rest_route=\/wp\/v2\/types\/post"}],"author":[{"embeddable":true,"href":"https:\/\/eskigazeteci.com\/index.php?rest_route=\/wp\/v2\/users\/2"}],"replies":[{"embeddable":true,"href":"https:\/\/eskigazeteci.com\/index.php?rest_route=%2Fwp%2Fv2%2Fcomments&post=2505"}],"version-history":[{"count":0,"href":"https:\/\/eskigazeteci.com\/index.php?rest_route=\/wp\/v2\/posts\/2505\/revisions"}],"wp:featuredmedia":[{"embeddable":true,"href":"https:\/\/eskigazeteci.com\/index.php?rest_route=\/wp\/v2\/media\/2504"}],"wp:attachment":[{"href":"https:\/\/eskigazeteci.com\/index.php?rest_route=%2Fwp%2Fv2%2Fmedia&parent=2505"}],"wp:term":[{"taxonomy":"category","embeddable":true,"href":"https:\/\/eskigazeteci.com\/index.php?rest_route=%2Fwp%2Fv2%2Fcategories&post=2505"},{"taxonomy":"post_tag","embeddable":true,"href":"https:\/\/eskigazeteci.com\/index.php?rest_route=%2Fwp%2Fv2%2Ftags&post=2505"}],"curies":[{"name":"wp","href":"https:\/\/api.w.org\/{rel}","templated":true}]}}